{"id":341520,"date":"2025-08-24T22:29:19","date_gmt":"2025-08-24T22:29:19","guid":{"rendered":"https:\/\/www.europesays.com\/fr\/341520\/"},"modified":"2025-08-24T22:29:19","modified_gmt":"2025-08-24T22:29:19","slug":"giroud-comme-chez-lui-les-rates-dakliouche-les-tops-et-flops","status":"publish","type":"post","link":"https:\/\/www.europesays.com\/fr\/341520\/","title":{"rendered":"Giroud comme chez lui, les rat\u00e9s d\u2019Akliouche&#8230; Les tops et flops"},"content":{"rendered":"<p>Lille est venu \u00e0 bout de Monaco, gr\u00e2ce \u00e0 un but d\u2019Olivier Giroud dans les ultimes instants (1-0). D\u00e9couvrez ce qui a retenu l\u2019attention de la r\u00e9daction sur ce match de cl\u00f4ture de la 2e journ\u00e9e de Ligue 1.<\/p>\n<p class=\"fig-paragraph\"><strong>TOPS\u00a0<\/strong><\/p>\n<p>Giroud est \u00e9ternel<\/p>\n<p class=\"fig-paragraph\">L\u2019histoire d\u2019amour entre Lille et Olivier Giroud pouvait difficilement mieux d\u00e9buter. D\u00e9j\u00e0 buteur lors de la premi\u00e8re journ\u00e9e \u00e0 Brest (3-3), le nouvel attaquant du Losc a cette fois d\u00e9livr\u00e9 son nouveau public,\u00a0<a href=\"http:\/\/www.lefigaro.fr\/sports\/football\/ligue-1\/ligue-1-longtemps-muet-giroud-fait-parler-son-experience-et-libere-lille-contre-monaco-20250824\" data-fig-type=\"NewsFlash\" data-gtm-custom-categorie=\"navigation\" data-gtm-custom-action=\"crossclick\" data-gtm-custom-label=\"Contextuel\" data-gtm-event=\"customEventSPE\" data-fig-domain=\"LEFIGARO\" target=\"_blank\" rel=\"noopener\">en inscrivant le but de la victoire nordiste dans le temps additionnel (1-0)<\/a>. Auteur d\u2019un encha\u00eenement parfait et d\u2019une frappe en pivot sous la barre, le champion du monde 2018 a progressivement pris le dessus sur la d\u00e9fense mon\u00e9gasque. Et a confirm\u00e9, malgr\u00e9 son penalty manqu\u00e9 en toute fin de match, qu\u2019il n\u2019avait rien perdu de son talent dans la surface, malgr\u00e9 un passage plus que mitig\u00e9 \u00e0 Los Angeles. \u00abJ\u2019avais besoin de finir sur une touche fran\u00e7aise, revenir aux sources\u00bb, a expliqu\u00e9, sur Ligue 1+, l\u2019int\u00e9ress\u00e9, auteur de son 350e but en professionnel. Les d\u00e9fenses de Ligue 1 sont pr\u00e9venues&#8230;<\/p>\n<p>                                    <a class=\"fig-a11y-skip a11y-hidden\" href=\"#fig-a11y-skip-main-inarticle\"><br \/>\n        Passer la publicit\u00e9<br \/>\n    <\/a><\/p>\n<p>Fernandez-Pardo fait la diff\u00e9rence<\/p>\n<p class=\"fig-paragraph\">Un choix contraint. Mais d\u00e9cisif. Pour pallier la sortie sur blessure de Mukau au cours de la seconde p\u00e9riode, Bruno Genesio a pris le pari de prendre des risques et de lancer Matias Fernandez-Pardo. Le jeune joueur de 20 ans a imm\u00e9diatement apport\u00e9 sa vivacit\u00e9 sur les ailes. Passeur d\u00e9cisif pour Giroud, il a \u00e9galement provoqu\u00e9 le penalty manqu\u00e9 par le buteur lillois dans les ultimes secondes de jeu. De quoi marquer de nombreux points dans l\u2019esprit de son entra\u00eeneur.<\/p>\n<p class=\"fig-paragraph\"><strong>FLOPS<\/strong><\/p>\n<p>L\u2019horrible seconde p\u00e9riode de l\u2019ASM<\/p>\n<p class=\"fig-paragraph\">Deuxi\u00e8me journ\u00e9e et d\u00e9j\u00e0 une d\u00e9faite au compteur pour le club de la Principaut\u00e9. Inefficaces mais int\u00e9ressants dans le jeu sur certaines s\u00e9quences en premi\u00e8re p\u00e9riode, les Mon\u00e9gasques ont compl\u00e8tement perdu le fil au retour des vestiaires. Priv\u00e9s de ballons, les hommes d\u2019Adi H\u00fctter ont recul\u00e9 et n\u2019ont jamais su se montrer mena\u00e7ants en contres. Le coaching offensif du coach autrichien n\u2019a pas eu l\u2019effet escompt\u00e9. Bien au contraire. Et \u00e0 force de subir la ma\u00eetrise lilloise, l\u2019ASM a finalement \u00e9t\u00e9 punie dans le temps additionnel. Un gros avertissement, alors que la saison ne fait que commencer.<\/p>\n<p>Les rat\u00e9s d\u2019Akliouche<\/p>\n<p class=\"fig-paragraph\">Le symbole de l\u2019inefficacit\u00e9 mon\u00e9gasque en premi\u00e8re p\u00e9riode. Excellent pendant la pr\u00e9paration et buteur face au Havre lors de la premi\u00e8re journ\u00e9e (3-1), Maghnes Akliouche a v\u00e9cu une sale soir\u00e9e. Et a fait l\u2019\u00e9talage d\u2019un d\u00e9chet tr\u00e8s inhabituel dans la finition. D\u2019abord auteur d\u2019une reprise trop \u00e9cras\u00e9e dans la surface (8e), il a ensuite manqu\u00e9 d\u2019aplomb devant \u00d6zer (18e), avant de manquer le cadre sur une frappe pas assez enroul\u00e9e (40e). Trois occasions tr\u00e8s mal n\u00e9goci\u00e9es, avant de dispara\u00eetre de la circulation en seconde p\u00e9riode.<\/p>\n<p>Hradecky, pas vraiment rassurant<\/p>\n<p class=\"fig-paragraph\">En qu\u00eate d\u2019un nouveau gardien cette saison, l\u2019ASM a finalement jet\u00e9 son d\u00e9volu sur l\u2019exp\u00e9riment\u00e9 Lukas Hradecky. Le portier finlandais de 34 ans, auteur d\u2019une premi\u00e8re sans encombre face au Havre, n\u2019a pas franchement rassur\u00e9. Rarement sollicit\u00e9 devant sa ligne, il a finalement c\u00e9d\u00e9 face \u00e0 Giroud, sur l\u2019unique frappe cadr\u00e9e des Dogues. Pas d\u00e9cisif, l\u2019ancien joueur du Bayer Leverkusen s\u2019est fait peur sur deux sorties a\u00e9riennes \u00e0 contre-temps en premi\u00e8re p\u00e9riode et a manqu\u00e9 de justesse \u00e0 plusieurs reprises en allongeant le jeu au pied.<\/p>\n","protected":false},"excerpt":{"rendered":"Lille est venu \u00e0 bout de Monaco, gr\u00e2ce \u00e0 un but d\u2019Olivier Giroud dans les ultimes instants (1-0).&hellip;\n","protected":false},"author":2,"featured_media":341521,"comment_status":"","ping_status":"","sticky":false,"template":"","format":"standard","meta":{"footnotes":""},"categories":[2815],"tags":[1111,11,2266,1777,674,1011,27,811,1307,2267,12,5959,25],"class_list":{"0":"post-341520","1":"post","2":"type-post","3":"status-publish","4":"format-standard","5":"has-post-thumbnail","7":"category-lille","8":"tag-actu","9":"tag-actualites","10":"tag-as-monaco","11":"tag-eu","12":"tag-europe","13":"tag-fr","14":"tag-france","15":"tag-hauts-de-france","16":"tag-lille","17":"tag-losc","18":"tag-news","19":"tag-olivier-giroud","20":"tag-republique-francaise"},"share_on_mastodon":{"url":"https:\/\/pubeurope.com\/@fr\/115086109061535450","error":""},"_links":{"self":[{"href":"https:\/\/www.europesays.com\/fr\/wp-json\/wp\/v2\/posts\/341520","targetHints":{"allow":["GET"]}}],"collection":[{"href":"https:\/\/www.europesays.com\/fr\/wp-json\/wp\/v2\/posts"}],"about":[{"href":"https:\/\/www.europesays.com\/fr\/wp-json\/wp\/v2\/types\/post"}],"author":[{"embeddable":true,"href":"https:\/\/www.europesays.com\/fr\/wp-json\/wp\/v2\/users\/2"}],"replies":[{"embeddable":true,"href":"https:\/\/www.europesays.com\/fr\/wp-json\/wp\/v2\/comments?post=341520"}],"version-history":[{"count":0,"href":"https:\/\/www.europesays.com\/fr\/wp-json\/wp\/v2\/posts\/341520\/revisions"}],"wp:featuredmedia":[{"embeddable":true,"href":"https:\/\/www.europesays.com\/fr\/wp-json\/wp\/v2\/media\/341521"}],"wp:attachment":[{"href":"https:\/\/www.europesays.com\/fr\/wp-json\/wp\/v2\/media?parent=341520"}],"wp:term":[{"taxonomy":"category","embeddable":true,"href":"https:\/\/www.europesays.com\/fr\/wp-json\/wp\/v2\/categories?post=341520"},{"taxonomy":"post_tag","embeddable":true,"href":"https:\/\/www.europesays.com\/fr\/wp-json\/wp\/v2\/tags?post=341520"}],"curies":[{"name":"wp","href":"https:\/\/api.w.org\/{rel}","templated":true}]}}