{"id":341522,"date":"2025-08-24T22:31:10","date_gmt":"2025-08-24T22:31:10","guid":{"rendered":"https:\/\/www.europesays.com\/fr\/341522\/"},"modified":"2025-08-24T22:31:10","modified_gmt":"2025-08-24T22:31:10","slug":"marseille-programmation-de-lopera-municipal-de-marseille","status":"publish","type":"post","link":"https:\/\/www.europesays.com\/fr\/341522\/","title":{"rendered":"MARSEILLE : Programmation de l&rsquo;Op\u00e9ra Municipal de Marseille"},"content":{"rendered":"<p><strong>L\u2019Op\u00e9ra Municipal de Marseille propose une s\u00e9rie de r\u00e9citals de piano pour la saison 2025-2026.<\/strong><br \/><strong>Ryan Wang<\/strong><br \/>joue Chopin<br \/>R\u00e9cital de piano<br \/><strong>Dimanche 28 septembre \u2013 11h<\/strong><\/p>\n<p><strong>Vanessa Wagner<\/strong><br \/>joue Satie<br \/>R\u00e9cital de piano<br \/>Cr\u00e9ation jeune public<br \/><strong>Dimanche 30 novembre \u2013 11h<\/strong><\/p>\n<p><strong>Jean-Fran\u00e7ois Dichamp<\/strong><br \/>joue Scarlatti et Granados<br \/>R\u00e9cital de piano<br \/><strong>Dimanche 18 janvier \u2013 11h<\/strong><\/p>\n<p><strong>Arielle Beck<\/strong><br \/>joue Mendelssohn<br \/>R\u00e9cital de piano<br \/><strong>Dimanche 15 mars \u2013 11h<\/strong><\/p>\n<p><strong>Alain Plan\u00e8s<\/strong><br \/>joue Haydn<br \/>R\u00e9cital de piano<br \/><strong>Dimanche 29 mars \u2013 11h<\/strong><\/p>\n<p><strong>O\u00d9 ?<\/strong><br \/>2 rue Moli\u00e8re, 13001 Marseille<\/p>\n<p><strong>S\u2019Y RENDRE<\/strong><br \/>Arr\u00eat Vieux-Port M1<br \/>Arr\u00eat Notre-Dame-du-Mont M2<\/p>\n<p>Source : La saison 2025\u20132026 de Marseille Concerts sera celle des retrouvailles.<\/p>\n","protected":false},"excerpt":{"rendered":"L\u2019Op\u00e9ra Municipal de Marseille propose une s\u00e9rie de r\u00e9citals de piano pour la saison 2025-2026.Ryan Wangjoue ChopinR\u00e9cital de&hellip;\n","protected":false},"author":2,"featured_media":341523,"comment_status":"","ping_status":"","sticky":false,"template":"","format":"standard","meta":{"footnotes":""},"categories":[2814],"tags":[1111,11,1777,674,1011,27,884,12,882,25],"class_list":{"0":"post-341522","1":"post","2":"type-post","3":"status-publish","4":"format-standard","5":"has-post-thumbnail","7":"category-marseille","8":"tag-actu","9":"tag-actualites","10":"tag-eu","11":"tag-europe","12":"tag-fr","13":"tag-france","14":"tag-marseille","15":"tag-news","16":"tag-provence-alpes-cote-dazur","17":"tag-republique-francaise"},"share_on_mastodon":{"url":"https:\/\/pubeurope.com\/@fr\/115086117146980405","error":""},"_links":{"self":[{"href":"https:\/\/www.europesays.com\/fr\/wp-json\/wp\/v2\/posts\/341522","targetHints":{"allow":["GET"]}}],"collection":[{"href":"https:\/\/www.europesays.com\/fr\/wp-json\/wp\/v2\/posts"}],"about":[{"href":"https:\/\/www.europesays.com\/fr\/wp-json\/wp\/v2\/types\/post"}],"author":[{"embeddable":true,"href":"https:\/\/www.europesays.com\/fr\/wp-json\/wp\/v2\/users\/2"}],"replies":[{"embeddable":true,"href":"https:\/\/www.europesays.com\/fr\/wp-json\/wp\/v2\/comments?post=341522"}],"version-history":[{"count":0,"href":"https:\/\/www.europesays.com\/fr\/wp-json\/wp\/v2\/posts\/341522\/revisions"}],"wp:featuredmedia":[{"embeddable":true,"href":"https:\/\/www.europesays.com\/fr\/wp-json\/wp\/v2\/media\/341523"}],"wp:attachment":[{"href":"https:\/\/www.europesays.com\/fr\/wp-json\/wp\/v2\/media?parent=341522"}],"wp:term":[{"taxonomy":"category","embeddable":true,"href":"https:\/\/www.europesays.com\/fr\/wp-json\/wp\/v2\/categories?post=341522"},{"taxonomy":"post_tag","embeddable":true,"href":"https:\/\/www.europesays.com\/fr\/wp-json\/wp\/v2\/tags?post=341522"}],"curies":[{"name":"wp","href":"https:\/\/api.w.org\/{rel}","templated":true}]}}