{"id":341524,"date":"2025-08-24T22:32:12","date_gmt":"2025-08-24T22:32:12","guid":{"rendered":"https:\/\/www.europesays.com\/fr\/341524\/"},"modified":"2025-08-24T22:32:12","modified_gmt":"2025-08-24T22:32:12","slug":"la-pousse-verte-decouvrir-la-nature-de-maniere-ludique","status":"publish","type":"post","link":"https:\/\/www.europesays.com\/fr\/341524\/","title":{"rendered":"La Pousse Verte : d\u00e9couvrir la nature de mani\u00e8re ludique"},"content":{"rendered":"<p>La Pousse Verte, fond\u00e9e en 2019 \u00e0 Lyon par Caroline Le Ster, s\u2019est donn\u00e9e pour mission de faire d\u00e9couvrir la nature et l\u2019univers v\u00e9g\u00e9tal de mani\u00e8re \u00e0 la fois ludique et \u00e9cologique. A l\u2019aide de box, coffrets ou ateliers cr\u00e9atifs\u2026<\/p>\n<p><strong>La Pousse Verte<\/strong> a germ\u00e9 d\u2019une prise de conscience de sa fondatrice face aux <strong>d\u00e9fis environnementaux<\/strong> du march\u00e9 du v\u00e9g\u00e9tal, souvent domin\u00e9 par des importations de plantes trait\u00e9es chimiquement. Son objectif est simple : proposer des <strong>plantes saines, cultiv\u00e9es localement et non trait\u00e9es<\/strong>, en les rendant accessibles \u00e0 tous, y compris aux citadins.<\/p>\n<p>Une box saisonni\u00e8re de plantes et de fleurs comestibles<\/p>\n<p>Le produit phare de <strong>La Pousse Verte<\/strong> est une <strong>box saisonni\u00e8re de plantes et de fleurs comestibles<\/strong>. Livr\u00e9e directement \u00e0 domicile. Ces coffrets, con\u00e7us de mani\u00e8re \u00e9co-responsable, incluent \u00e9galement <strong>des graines et des produits artisanaux<\/strong>, transformant le <strong>jardinage<\/strong> en une <strong>activit\u00e9 cr\u00e9ative et gourmande<\/strong>.<\/p>\n<p>\u00ab\u00a0Dans un coffret, on va trouver g\u00e9n\u00e9ralement des <strong>graines<\/strong>, des <strong>produits artisanaux<\/strong> et des <strong>activit\u00e9s de loisirs cr\u00e9atifs<\/strong> pour pouvoir faire des choses avec les plantes du coffret. Par exemple, il va y avoir un <strong>coffret autour du coquelicot<\/strong>. Donc, on va pouvoir <strong>semer du coquelicot<\/strong>. Mais aussi, on va trouver un <strong>savon artisanal<\/strong> qui est d\u00e9cor\u00e9 \u00e0 la main avec des dessins en forme de fleurs dessus, des bonbons et des recettes de cuisine parce qu\u2019on peut <strong>manger les p\u00e9tales du coquelicot<\/strong>\u2026\u00a0\u00bb explique <strong>Caroline Le Ster<\/strong>.<\/p>\n<p>Ecoutez le podcast<\/p>\n<p>La Pousse Verte<\/p>\n<p>\u00ab\u00a0Je viens d\u2019en sortir un nouveau, autour du <strong>pois de c\u0153ur<\/strong>. C\u2019est une <strong>plante<\/strong> qui n\u2019est pas tr\u00e8s connue. Mais qui est assez rigolote. Parce qu\u2019elle a une forme de c\u0153ur sur la graine. Et quand elle pousse, \u00e7a fait une plante grimpante qui a des petites lanternes\u00a0\u00bb.<\/p>\n<p>Ecoutez aussi : <a href=\"https:\/\/www.lyondemain.fr\/mjc-montchat-education-populaire-lyon\/\" target=\"_blank\" rel=\"noreferrer noopener\">MJC Montchat : \u00ab\u00a0L\u2019\u00e9ducation populaire, c\u2019est aussi le pouvoir d\u2019agir\u00a0\u00bb<\/a><\/p>\n<blockquote class=\"instagram-media\" data-instgrm-captioned=\"\" data-instgrm-permalink=\"https:\/\/www.instagram.com\/reel\/DMvVE_WoHLG\/?utm_source=ig_embed&amp;utm_campaign=loading\" data-instgrm-version=\"14\" style=\" background:#FFF; border:0; border-radius:3px; box-shadow:0 0 1px 0 rgba(0,0,0,0.5),0 1px 10px 0 rgba(0,0,0,0.15); margin: 1px; max-width:540px; min-width:326px; padding:0; width:99.375%; width:-webkit-calc(100% - 2px); width:calc(100% - 2px);\"\/>\n<p>Ateliers de jardinage et de loisirs cr\u00e9atifs autour des plantes<\/p>\n<p>Au-del\u00e0 de la vente en ligne, <strong>La Pousse Verte<\/strong> anime aussi des <strong>ateliers de jardinage et de loisirs cr\u00e9atifs<\/strong> autour des <strong>plantes<\/strong>. Ces sessions permettent de d\u00e9couvrir des pratiques comme le <strong>kokedama<\/strong>, le <strong>terrarium<\/strong>\u2026 Ou la<strong> fabrication de bougies v\u00e9g\u00e9tales<\/strong>, favorisant un <strong>lien direct et bienveillant avec la nature<\/strong>.<\/p>\n<p><strong>La Pousse Verte<\/strong> s\u2019adresse aussi aux professionnels en proposant des<strong> coffrets cadeaux<\/strong>. Et des <strong>animations sur mesure<\/strong> pour leurs \u00e9v\u00e9nements d\u2019entreprise\u2026<\/p>\n<p><img fetchpriority=\"high\" decoding=\"async\" width=\"1200\" height=\"675\" src=\"https:\/\/www.europesays.com\/fr\/wp-content\/uploads\/2025\/08\/La-Pousse-Verte-Caroline-Le-Ster.jpg\" alt=\"Caroline Le Ster\" class=\"wp-image-251232\"  \/>Caroline Le Ster<\/p>\n<p>\u00ab\u00a0J\u2019anime des <strong>ateliers pour le grand public<\/strong> dans mon local, \u00e0 <strong>La Filature<\/strong> \u00e0 Villeurbanne. Et je me d\u00e9place aussi, \u00e7a peut \u00eatre pour des <strong>entreprises<\/strong>, pour des <strong>team buildings<\/strong> par exemple. Ou \u00e0 la demande de <strong>MJC<\/strong>, de <strong>centres sociaux<\/strong>. Donc plut\u00f4t pour des <strong>enfants<\/strong>\u00a0\u00bb raconte <strong>Caroline<\/strong>, enthousiaste \u00e0 parler de son activit\u00e9.<\/p>\n<p>Les <strong>coffrets et box<\/strong> sont disponibles sur le site internet, <a href=\"https:\/\/open.acast.com\/networks\/60076454795a1c638da16bc1\/shows\/659b4b9eb55ace0017820bac\/episodes\/www.lapousseverte.fr\" rel=\"noreferrer noopener\" target=\"_blank\">www.lapousseverte.fr<\/a>. Et aussi, il est possible de passer \u00e0 l\u2019atelier sur rendez-vous.<\/p>\n<p><strong>La Pousse Verte : 10 du P\u00e9rou, \u00e0 Villeurbanne (friche ACI).<\/strong><\/p>\n<p>Ecoutez aussi : <a href=\"https:\/\/www.lyondemain.fr\/jardins-pre-gaudry-vegetalisation\/\" target=\"_blank\" rel=\"noreferrer noopener\">Jardins Pr\u00e9 Gaudry : un mod\u00e8le de v\u00e9g\u00e9talisation de la ville<\/a><\/p>\n<p><img loading=\"lazy\" decoding=\"async\" width=\"1200\" height=\"675\" src=\"https:\/\/www.europesays.com\/fr\/wp-content\/uploads\/2025\/08\/La-Pousse-Verte-box.jpg\" alt=\"La Pousse Verte \" class=\"wp-image-251233\"  \/><br \/>\nJ\u2019aime \u00e7a\u00a0:<\/p>\n<p>J\u2019aime chargement\u2026<\/p>\n<p><a class=\"sd-link-color\"\/><\/p>\n<p>\n\tArticles similaires\n<\/p>\n<p>\t\t\t\t<img decoding=\"async\" src=\"https:\/\/www.europesays.com\/fr\/wp-content\/uploads\/2025\/08\/1756074732_111_7866158698e17e8ed633c05e8f8e7fe5d9e057ad78661c4dc34e413abb6b9f19\" alt=\"G\u00e9rald Bouchon\"\/><\/p>\n<p>Pionnier des radios libres, passionn\u00e9 de radio, journaliste et dirigeant de m\u00e9dias \u00e9co-responsables..<\/p>\n<p>\t\t\t<script async src=\"\/\/www.instagram.com\/embed.js\"><\/script><\/p>\n","protected":false},"excerpt":{"rendered":"La Pousse Verte, fond\u00e9e en 2019 \u00e0 Lyon par Caroline Le Ster, s\u2019est donn\u00e9e pour mission de faire&hellip;\n","protected":false},"author":2,"featured_media":341525,"comment_status":"","ping_status":"","sticky":false,"template":"","format":"standard","meta":{"footnotes":""},"categories":[1889],"tags":[1111,11,1063,47791,2430,1130,46350,1777,674,2574,1011,27,38142,47792,46352,46353,2428,2742,12,4896,25],"class_list":{"0":"post-341524","1":"post","2":"type-post","3":"status-publish","4":"format-standard","5":"has-post-thumbnail","7":"category-lyon","8":"tag-actu","9":"tag-actualites","10":"tag-animations","11":"tag-ateliers-creatifs","12":"tag-auvergne-rhone-alpes","13":"tag-biodiversite","14":"tag-caroline-le-ster","15":"tag-eu","16":"tag-europe","17":"tag-fleurs","18":"tag-fr","19":"tag-france","20":"tag-graines","21":"tag-kokedama","22":"tag-la-filature","23":"tag-la-pousse-verte","24":"tag-lyon","25":"tag-nature","26":"tag-news","27":"tag-plantes","28":"tag-republique-francaise"},"share_on_mastodon":{"url":"https:\/\/pubeurope.com\/@fr\/115086121331742029","error":""},"_links":{"self":[{"href":"https:\/\/www.europesays.com\/fr\/wp-json\/wp\/v2\/posts\/341524","targetHints":{"allow":["GET"]}}],"collection":[{"href":"https:\/\/www.europesays.com\/fr\/wp-json\/wp\/v2\/posts"}],"about":[{"href":"https:\/\/www.europesays.com\/fr\/wp-json\/wp\/v2\/types\/post"}],"author":[{"embeddable":true,"href":"https:\/\/www.europesays.com\/fr\/wp-json\/wp\/v2\/users\/2"}],"replies":[{"embeddable":true,"href":"https:\/\/www.europesays.com\/fr\/wp-json\/wp\/v2\/comments?post=341524"}],"version-history":[{"count":0,"href":"https:\/\/www.europesays.com\/fr\/wp-json\/wp\/v2\/posts\/341524\/revisions"}],"wp:featuredmedia":[{"embeddable":true,"href":"https:\/\/www.europesays.com\/fr\/wp-json\/wp\/v2\/media\/341525"}],"wp:attachment":[{"href":"https:\/\/www.europesays.com\/fr\/wp-json\/wp\/v2\/media?parent=341524"}],"wp:term":[{"taxonomy":"category","embeddable":true,"href":"https:\/\/www.europesays.com\/fr\/wp-json\/wp\/v2\/categories?post=341524"},{"taxonomy":"post_tag","embeddable":true,"href":"https:\/\/www.europesays.com\/fr\/wp-json\/wp\/v2\/tags?post=341524"}],"curies":[{"name":"wp","href":"https:\/\/api.w.org\/{rel}","templated":true}]}}