{"id":341527,"date":"2025-08-24T22:36:12","date_gmt":"2025-08-24T22:36:12","guid":{"rendered":"https:\/\/www.europesays.com\/fr\/341527\/"},"modified":"2025-08-24T22:36:12","modified_gmt":"2025-08-24T22:36:12","slug":"la-presidente-du-departement-appelle-les-francais-a-ne-pas-bouder-le-territoire-apres-les-incendies","status":"publish","type":"post","link":"https:\/\/www.europesays.com\/fr\/341527\/","title":{"rendered":"la pr\u00e9sidente du d\u00e9partement appelle les Fran\u00e7ais \u00e0 ne pas bouder le territoire apr\u00e8s les incendies"},"content":{"rendered":"<p class=\"c-chapo \">\n  Pr\u00e8s de trois semaines apr\u00e8s le d\u00e9but du gigantesque incendie qui a touch\u00e9 le massif des Corbi\u00e8res, dans l&rsquo;Aude, le Conseil d\u00e9partemental d\u00e9plore des annulations de s\u00e9jours touristiques et annonce le lancement d&rsquo;une campagne de communication pour inciter les Fran\u00e7ais \u00e0 revenir.\n<\/p>\n<p>            lire plus tard<\/p>\n<p id=\"dialog__title\" class=\"dialog__title\">Pour sauvegarder cet article, connectez-vous ou cr\u00e9ez un compte franceinfo<\/p>\n<p class=\"dialog__description\">Sans paiement. Sans abonnement.<\/p>\n<p>        Fermer la fen\u00eatre d\u2019activation des notifications France Info<\/p>\n<p>            cr\u00e9er votre compte<\/p>\n<p>            se connecter<\/p>\n<p>        Fermer la fen\u00eatre de pr\u00e9sentation<\/p>\n<p>    <img loading=\"lazy\" decoding=\"async\" class=\"signature__image lazyload\" width=\"100\" height=\"100\" data- alt=\"\" src=\"https:\/\/www.europesays.com\/fr\/wp-content\/uploads\/2025\/05\/64a7df4c5fe71_placeholder-36b69ec8.png\"\/><\/p>\n<p>    Publi\u00e9 le 24\/08\/2025 18:00<\/p>\n<p>        Temps de lecture : 2min<\/p>\n<p>    <img decoding=\"async\"  alt=\"Une maison entour\u00e9e par une v\u00e9g\u00e9tation ravag\u00e9e par l'incendie, le 6 ao\u00fbt 2025 \u00e0 Saint-Laurent-de-la-Cabrerisse (Aude). (CHARLES BARON \/ MAXPPP)\" width=\"432\" height=\"243\" src=\"https:\/\/www.europesays.com\/fr\/wp-content\/uploads\/2025\/08\/maxbestof329932-689479fc77053375517780.jpg\" fetchpriority=\"high\"\/><\/p>\n<p>      Une maison entour\u00e9e par une v\u00e9g\u00e9tation ravag\u00e9e par l&rsquo;incendie, le 6 ao\u00fbt 2025 \u00e0 Saint-Laurent-de-la-Cabrerisse (Aude). (CHARLES BARON \/ MAXPPP)<\/p>\n<p>\u00ab\u00a0Nous avons besoin de relever une partie de notre tourisme\u00a0\u00bb, assure, dimanche 24 ao\u00fbt, sur franceinfo H\u00e9l\u00e8ne Sandragn\u00e9, pr\u00e9sidente du conseil d\u00e9partemental de l&rsquo;Aude alors que les gigantesques incendies qui ont frapp\u00e9 le d\u00e9partement cet \u00e9t\u00e9 ont des cons\u00e9quences lourdes sur l&rsquo;attractivit\u00e9 du territoire. \u00ab\u00a0Les feux que nous avons v\u00e9cus ont eu un impact r\u00e9el sur les r\u00e9servations de derni\u00e8re minute\u00a0\u00bb, assure H\u00e9l\u00e8ne Sandragn\u00e9 qui d\u00e9plore aussi des annulations de s\u00e9jours pr\u00e9vus cet \u00e9t\u00e9.<\/p>\n<p>Selon la pr\u00e9sidente du conseil d\u00e9partement, <a href=\"https:\/\/www.franceinfo.fr\/france\/occitanie\/aude\/incendie-dans-l-aude-une-femme-est-morte-dans-son-habitation-le-feu-reste-tres-actif-avec-11-000-hectares-engloutis-par-les-flammes_7420495.html\" rel=\"nofollow noopener\" target=\"_blank\">le gigantesque incendie qui a parcouru 17 000 hectares dans le massif des Corbi\u00e8res<\/a> d\u00e9but ao\u00fbt a \u00ab\u00a0meurtri et d\u00e9vast\u00e9\u00a0\u00bb cette zone mais elle rappelle aussi que \u00ab\u00a0l&rsquo;Aude, c&rsquo;est 630 000 hectares\u00a0\u00bb. \u00ab\u00a0L&rsquo;Aude, son attractivit\u00e9, est toujours l\u00e0\u00a0\u00bb, dit-elle, citant le canal du Midi, les plages du d\u00e9partement ou la ville de Carcassonne. \u00ab\u00a0Venez visiter ou revisiter l&rsquo;Aude\u00a0\u00bb, mart\u00e8le H\u00e9l\u00e8ne Sandragn\u00e9. \u00ab\u00a0Si vous avez \u00e9t\u00e9 touch\u00e9s par ce qu&rsquo;il s&rsquo;est pass\u00e9, venez !\u00a0\u00bb, r\u00e9p\u00e8te-t-elle. Une nouvelle campagne \u00ab\u00a0pour redonner envie de venir dans l&rsquo;Aude\u00a0\u00bb va \u00eatre lanc\u00e9e par l&rsquo;agence d\u00e9partementale du tourisme, annonce la pr\u00e9sidente du conseil d\u00e9partemental.<\/p>\n<p>H\u00e9l\u00e8ne Sandragn\u00e9 demande aussi \u00e0 l&rsquo;Etat de venir en aide au d\u00e9partement pour lutter contre les risques d&rsquo;incendies. \u00ab\u00a0Il faut inventer de nouvelles formes de financements\u00a0\u00bb, dit-elle. \u00ab\u00a0Dans nos territoires, envisager de participer aux financements des Sdis (service d&rsquo;incendie et de secours) ne rel\u00e8ve pas d&rsquo;une h\u00e9r\u00e9sie. Mettre 10 euros par mois [&#8230;] ne susciterait pas de toll\u00e9, les habitants savent que nous avons besoin de nos pompiers et qu&rsquo;il faut accro\u00eetre leurs moyens, les collectivit\u00e9s sont au bout de ce qu&rsquo;elles peuvent donner. Elles doivent \u00eatre aid\u00e9es\u00a0\u00bb, assure-t-elle.<\/p>\n<p class=\"related-tags__title\" role=\"heading\" aria-level=\"2\">les mots-cl\u00e9s associ\u00e9s \u00e0 cet article\n    <\/p>\n","protected":false},"excerpt":{"rendered":"Pr\u00e8s de trois semaines apr\u00e8s le d\u00e9but du gigantesque incendie qui a touch\u00e9 le massif des Corbi\u00e8res, dans&hellip;\n","protected":false},"author":2,"featured_media":341528,"comment_status":"","ping_status":"","sticky":false,"template":"","format":"standard","meta":{"footnotes":""},"categories":[1888],"tags":[1111,1928,11,1927,1777,674,1011,27,12,1926,626,1925,25],"class_list":{"0":"post-341527","1":"post","2":"type-post","3":"status-publish","4":"format-standard","5":"has-post-thumbnail","7":"category-paris","8":"tag-actu","9":"tag-actu-paris","10":"tag-actualites","11":"tag-actualites-paris","12":"tag-eu","13":"tag-europe","14":"tag-fr","15":"tag-france","16":"tag-news","17":"tag-news-paris","18":"tag-paris","19":"tag-paris-news","20":"tag-republique-francaise"},"share_on_mastodon":{"url":"https:\/\/pubeurope.com\/@fr\/115086136958985141","error":""},"_links":{"self":[{"href":"https:\/\/www.europesays.com\/fr\/wp-json\/wp\/v2\/posts\/341527","targetHints":{"allow":["GET"]}}],"collection":[{"href":"https:\/\/www.europesays.com\/fr\/wp-json\/wp\/v2\/posts"}],"about":[{"href":"https:\/\/www.europesays.com\/fr\/wp-json\/wp\/v2\/types\/post"}],"author":[{"embeddable":true,"href":"https:\/\/www.europesays.com\/fr\/wp-json\/wp\/v2\/users\/2"}],"replies":[{"embeddable":true,"href":"https:\/\/www.europesays.com\/fr\/wp-json\/wp\/v2\/comments?post=341527"}],"version-history":[{"count":0,"href":"https:\/\/www.europesays.com\/fr\/wp-json\/wp\/v2\/posts\/341527\/revisions"}],"wp:featuredmedia":[{"embeddable":true,"href":"https:\/\/www.europesays.com\/fr\/wp-json\/wp\/v2\/media\/341528"}],"wp:attachment":[{"href":"https:\/\/www.europesays.com\/fr\/wp-json\/wp\/v2\/media?parent=341527"}],"wp:term":[{"taxonomy":"category","embeddable":true,"href":"https:\/\/www.europesays.com\/fr\/wp-json\/wp\/v2\/categories?post=341527"},{"taxonomy":"post_tag","embeddable":true,"href":"https:\/\/www.europesays.com\/fr\/wp-json\/wp\/v2\/tags?post=341527"}],"curies":[{"name":"wp","href":"https:\/\/api.w.org\/{rel}","templated":true}]}}