{"id":341529,"date":"2025-08-24T22:37:09","date_gmt":"2025-08-24T22:37:09","guid":{"rendered":"https:\/\/www.europesays.com\/fr\/341529\/"},"modified":"2025-08-24T22:37:09","modified_gmt":"2025-08-24T22:37:09","slug":"le-suspect-presente-a-un-juge-dinstruction-lundi","status":"publish","type":"post","link":"https:\/\/www.europesays.com\/fr\/341529\/","title":{"rendered":"le suspect pr\u00e9sent\u00e9 \u00e0 un juge d&rsquo;instruction lundi"},"content":{"rendered":"<p>Un quadrag\u00e9naire soup\u00e7onn\u00e9 d&rsquo;avoir poignard\u00e9 un homme \u00e0 un arr\u00eat de tramway \u00e0 Paris dans la nuit de vendredi 22 \u00e0 samedi 23 ao\u00fbt va \u00eatre pr\u00e9sent\u00e9 \u00e0 un juge d&rsquo;instruction lundi, selon les informations de BFMTV.<\/p>\n<p>Fin de garde \u00e0 vue pour l&rsquo;homme suspect\u00e9 d&rsquo;avoir poignard\u00e9 un autre homme \u00e0 un arr\u00eat de <a href=\"https:\/\/www.bfmtv.com\/paris\/paris-un-homme-poignarde-a-plusieurs-reprises-pour-avoir-defendu-sa-compagne-dans-le-tramway_AN-202508230154.html\" title=\"Paris: un homme poignard\u00e9 \u00e0 plusieurs reprises pour avoir d\u00e9fendu sa compagne dans le tramway\" class=\"internal_link\" rel=\"nofollow noopener\" target=\"_blank\">tramway \u00e0 Paris<\/a> dans la nuit du vendredi 22 au samedi 23 ao\u00fbt.<\/p>\n<p>L&rsquo;homme de 42 ans devait \u00eatre d\u00e9f\u00e9r\u00e9 ce dimanche soir, en vue d&rsquo;une ouverture d&rsquo;information judiciaire et sa pr\u00e9sentation \u00e0 un juge d&rsquo;instruction lundi matin, selon les informations de BFMTV.<\/p>\n<p>Le suspect d\u00e9favorablement connu de la police<\/p>\n<p>Samedi vers 00h30, l&rsquo;agresseur a d&rsquo;abord insult\u00e9 une femme, qui se trouvait avec son compagnon. Ce dernier a protest\u00e9 et est sorti avec l&rsquo;agresseur, hors du tramway au niveau de l&rsquo;arr\u00eat Porte de Vanves, dans le XIVe arrondissement.<\/p>\n<p>Les deux hommes en sont venus aux mains et c&rsquo;est \u00e0 ce moment que la victime a \u00e9t\u00e9 poignard\u00e9e.<\/p>\n<p>Son pronostic vital n&rsquo;a pas \u00e9t\u00e9 engag\u00e9, malgr\u00e9 plusieurs coups de couteau. Le suspect, d\u00e9favorablement connu des services de police, a rapidement \u00e9t\u00e9 arr\u00eat\u00e9.<\/p>\n<p>Boris Kharlamoff avec Astrid Bergere<\/p>\n","protected":false},"excerpt":{"rendered":"Un quadrag\u00e9naire soup\u00e7onn\u00e9 d&rsquo;avoir poignard\u00e9 un homme \u00e0 un arr\u00eat de tramway \u00e0 Paris dans la nuit de&hellip;\n","protected":false},"author":2,"featured_media":341530,"comment_status":"","ping_status":"","sticky":false,"template":"","format":"standard","meta":{"footnotes":""},"categories":[1888],"tags":[1111,1928,11,1927,1777,674,1011,27,12,1926,626,1925,25],"class_list":{"0":"post-341529","1":"post","2":"type-post","3":"status-publish","4":"format-standard","5":"has-post-thumbnail","7":"category-paris","8":"tag-actu","9":"tag-actu-paris","10":"tag-actualites","11":"tag-actualites-paris","12":"tag-eu","13":"tag-europe","14":"tag-fr","15":"tag-france","16":"tag-news","17":"tag-news-paris","18":"tag-paris","19":"tag-paris-news","20":"tag-republique-francaise"},"share_on_mastodon":{"url":"https:\/\/pubeurope.com\/@fr\/115086140628237065","error":""},"_links":{"self":[{"href":"https:\/\/www.europesays.com\/fr\/wp-json\/wp\/v2\/posts\/341529","targetHints":{"allow":["GET"]}}],"collection":[{"href":"https:\/\/www.europesays.com\/fr\/wp-json\/wp\/v2\/posts"}],"about":[{"href":"https:\/\/www.europesays.com\/fr\/wp-json\/wp\/v2\/types\/post"}],"author":[{"embeddable":true,"href":"https:\/\/www.europesays.com\/fr\/wp-json\/wp\/v2\/users\/2"}],"replies":[{"embeddable":true,"href":"https:\/\/www.europesays.com\/fr\/wp-json\/wp\/v2\/comments?post=341529"}],"version-history":[{"count":0,"href":"https:\/\/www.europesays.com\/fr\/wp-json\/wp\/v2\/posts\/341529\/revisions"}],"wp:featuredmedia":[{"embeddable":true,"href":"https:\/\/www.europesays.com\/fr\/wp-json\/wp\/v2\/media\/341530"}],"wp:attachment":[{"href":"https:\/\/www.europesays.com\/fr\/wp-json\/wp\/v2\/media?parent=341529"}],"wp:term":[{"taxonomy":"category","embeddable":true,"href":"https:\/\/www.europesays.com\/fr\/wp-json\/wp\/v2\/categories?post=341529"},{"taxonomy":"post_tag","embeddable":true,"href":"https:\/\/www.europesays.com\/fr\/wp-json\/wp\/v2\/tags?post=341529"}],"curies":[{"name":"wp","href":"https:\/\/api.w.org\/{rel}","templated":true}]}}