{"id":341531,"date":"2025-08-24T22:38:13","date_gmt":"2025-08-24T22:38:13","guid":{"rendered":"https:\/\/www.europesays.com\/fr\/341531\/"},"modified":"2025-08-24T22:38:13","modified_gmt":"2025-08-24T22:38:13","slug":"rock-en-seine-2025-le-groupe-rock-last-train-retourne-le-festival-et-annonce-son-premier-zenith-a-paris","status":"publish","type":"post","link":"https:\/\/www.europesays.com\/fr\/341531\/","title":{"rendered":"Rock en Seine 2025\u00a0: le groupe rock Last Train retourne le festival et annonce son premier Z\u00e9nith \u00e0 Paris"},"content":{"rendered":"<p class=\"paragraph text_align_left lp-f-body-02\">On a commenc\u00e9 et fini l\u2019\u00e9t\u00e9 avec Last Train. <a href=\"https:\/\/www.leparisien.fr\/culture-loisirs\/musique\/hellfest\/hellfest-2025-les-10-groupes-a-ne-pas-manquer-pendant-le-festival-13-06-2025-NHBHJDA4M5F2JLE76FH2NUSKQY.php\" target=\"_self\" rel=\"noopener\">Du Hellfest, le 20 juin \u00e0 Clisson<\/a> (Loire-Atlantique), \u00e0 <a href=\"https:\/\/www.leparisien.fr\/culture-loisirs\/musique\/rock-en-seine\/\" target=\"_blank\" rel=\"noreferrer noopener\">Rock en Seine<\/a>, ce dimanche 24 ao\u00fbt \u00e0 Saint-Cloud (Hauts-de-Seine). De la grande sc\u00e8ne du festival metal, o\u00f9 le groupe rock alsacien se produisait pour la premi\u00e8re fois, \u00e0 la deuxi\u00e8me sc\u00e8ne du rendez-vous francilien, o\u00f9 ils \u00e9taient invit\u00e9s pour la seconde fois. Un retour \u00ab tr\u00e8s symbolique \u00bb, dix ans apr\u00e8s leur bapt\u00eame du feu.<\/p>\n<p class=\"paragraph text_align_left lp-f-body-02\">\u00ab C\u2019est \u00e0 Rock en Seine que l\u2019on a fait notre premier gros festival, remercie aujourd\u2019hui Jean-No\u00ebl Scherrer, le chanteur-guitariste du groupe. Cette marque de confiance nous a fait passer un cap. On n\u2019a pas arr\u00eat\u00e9 de tourner depuis et, en tant que festivaliers, nous sommes venus tous les ans. On est tr\u00e8s heureux d\u2019\u00eatre programm\u00e9s sur une journ\u00e9e tr\u00e8s rock. \u00bb<\/p>\n","protected":false},"excerpt":{"rendered":"On a commenc\u00e9 et fini l\u2019\u00e9t\u00e9 avec Last Train. Du Hellfest, le 20 juin \u00e0 Clisson (Loire-Atlantique), \u00e0&hellip;\n","protected":false},"author":2,"featured_media":341532,"comment_status":"","ping_status":"","sticky":false,"template":"","format":"standard","meta":{"footnotes":""},"categories":[1888],"tags":[11,1687,1777,674,1011,27,873,12,626,25,36376],"class_list":{"0":"post-341531","1":"post","2":"type-post","3":"status-publish","4":"format-standard","5":"has-post-thumbnail","7":"category-paris","8":"tag-actualites","9":"tag-culture-loisirs","10":"tag-eu","11":"tag-europe","12":"tag-fr","13":"tag-france","14":"tag-musique","15":"tag-news","16":"tag-paris","17":"tag-republique-francaise","18":"tag-rock-en-seine"},"share_on_mastodon":{"url":"https:\/\/pubeurope.com\/@fr\/115086144540913245","error":""},"_links":{"self":[{"href":"https:\/\/www.europesays.com\/fr\/wp-json\/wp\/v2\/posts\/341531","targetHints":{"allow":["GET"]}}],"collection":[{"href":"https:\/\/www.europesays.com\/fr\/wp-json\/wp\/v2\/posts"}],"about":[{"href":"https:\/\/www.europesays.com\/fr\/wp-json\/wp\/v2\/types\/post"}],"author":[{"embeddable":true,"href":"https:\/\/www.europesays.com\/fr\/wp-json\/wp\/v2\/users\/2"}],"replies":[{"embeddable":true,"href":"https:\/\/www.europesays.com\/fr\/wp-json\/wp\/v2\/comments?post=341531"}],"version-history":[{"count":0,"href":"https:\/\/www.europesays.com\/fr\/wp-json\/wp\/v2\/posts\/341531\/revisions"}],"wp:featuredmedia":[{"embeddable":true,"href":"https:\/\/www.europesays.com\/fr\/wp-json\/wp\/v2\/media\/341532"}],"wp:attachment":[{"href":"https:\/\/www.europesays.com\/fr\/wp-json\/wp\/v2\/media?parent=341531"}],"wp:term":[{"taxonomy":"category","embeddable":true,"href":"https:\/\/www.europesays.com\/fr\/wp-json\/wp\/v2\/categories?post=341531"},{"taxonomy":"post_tag","embeddable":true,"href":"https:\/\/www.europesays.com\/fr\/wp-json\/wp\/v2\/tags?post=341531"}],"curies":[{"name":"wp","href":"https:\/\/api.w.org\/{rel}","templated":true}]}}