{"id":341535,"date":"2025-08-24T22:40:11","date_gmt":"2025-08-24T22:40:11","guid":{"rendered":"https:\/\/www.europesays.com\/fr\/341535\/"},"modified":"2025-08-24T22:40:11","modified_gmt":"2025-08-24T22:40:11","slug":"liran-et-la-russie-ne-cessent-de-mener-des-operations-de-destabilisation-contre-loccident","status":"publish","type":"post","link":"https:\/\/www.europesays.com\/fr\/341535\/","title":{"rendered":"\u00ab\u00a0L\u2019Iran et la Russie ne cessent de mener des op\u00e9rations de d\u00e9stabilisation contre l\u2019Occident\u00a0\u00bb"},"content":{"rendered":"<p><strong>ENTRETIEN &#8211;<\/strong> Dans La Pieuvre de T\u00e9h\u00e9ran, co\u00e9crit avec Jean-Marie Montali, le grand reporter raconte l\u2019\u00e9tendue des r\u00e9seaux d\u2019espionnage iraniens en France. Et d\u00e9crit un pouvoir davantage pr\u00e9occup\u00e9 par l\u2019exportation de la r\u00e9volution islamique que par le sort de sa propre population.<\/p>\n<p class=\"fig-paragraph\">Franco-Iranien,\u00a0<a href=\"http:\/\/www.lefigaro.fr\/vox\/monde\/emmanuel-razavi-la-republique-islamique-d-iran-meme-affaiblie-represente-un-danger-pour-nos-democraties-20240802\" data-fig-type=\"Article\" data-gtm-custom-categorie=\"navigation\" data-gtm-custom-action=\"crossclick\" data-gtm-custom-label=\"Contextuel\" data-gtm-event=\"customEventSPE\" data-fig-domain=\"LEFIGARO\" target=\"_blank\" rel=\"noopener\">Emmanuel Razavi<\/a> \u00a0est grand reporter et sp\u00e9cialiste du Moyen-Orient. Il a publi\u00e9, avec Jean-Marie Montali, \u00ab\u00a0La\u00a0Pieuvre de T\u00e9h\u00e9ran. Enqu\u00eate sur les r\u00e9seaux d\u2019espionnage et d\u2019influence de l\u2019Iran en France et dans le monde\u00a0\u00bb (Cerf, 2025).<\/p>\n<p class=\"fig-paragraph\"><strong>LE FIGARO. &#8211; Entre la crise \u00e9conomique, les divisions entre les diff\u00e9rentes branches du pouvoir et la contestation populaire, quel est le facteur le plus \u00e0 m\u00eame de d\u00e9stabiliser le r\u00e9gime iranien\u00a0? Ces faiblesses pourraient-elles susciter un effondrement du r\u00e9gime\u00a0?<\/strong><\/p>\n<p class=\"fig-paragraph\"><strong>Emmanuel RAZAVI. &#8211;<\/strong> L\u2019instabilit\u00e9 croissante du r\u00e9gime iranien est la cons\u00e9quence de tous ces facteurs et il est difficile de les dissocier. Ils sont la r\u00e9sultante de la politique men\u00e9e depuis\u00a0<a href=\"http:\/\/www.lefigaro.fr\/histoire\/archives\/iran-en-mars-1979-la-grande-manifestation-des-femmes-contre-le-voile-20221007\" data-fig-type=\"Article\" data-gtm-custom-categorie=\"navigation\" data-gtm-custom-action=\"crossclick\" data-gtm-custom-label=\"Contextuel\" data-gtm-event=\"customEventSPE\" data-fig-domain=\"LEFIGARO\" target=\"_blank\" rel=\"noopener\">l\u2019av\u00e8nement de la R\u00e9publique islamique en 1979.<\/a>\u00a0La population iranienne est en rupture avec son r\u00e9gime\u00a0: selon un rapport de l\u2019institut Gaman, 81\u00a0% des Iraniens ne veulent plus de la R\u00e9publique islamique \u2013\u00a0et cette part augmente. Les Iraniens sont priv\u00e9s de leurs libert\u00e9s\u2026<\/p>\n<p class=\"fig-premium-paywall__infos\">\n        Cet article est r\u00e9serv\u00e9 aux abonn\u00e9s.        Il vous reste 84% \u00e0 d\u00e9couvrir.\n    <\/p>\n<p>                <img  data- alt=\"Le Figaro\" class=\"fig-img--complete fig-img\"\/><\/p>\n<p class=\"fig-premium-paywall__title\">Vente Flash<\/p>\n<p class=\"fig-premium-paywall__subtitle\">4,99\u20ac par mois pendant 12 mois. Sans engagement<\/p>\n<p class=\"fig-premium-paywall__connect\">\n                D\u00e9j\u00e0 abonn\u00e9\u00a0?                <a class=\"fig-premium-paywall__connect-link\" href=\"https:\/\/connect.lefigaro.fr\/login?client=horizon_web&amp;type=main&amp;redirect_uri=https%3A%2F%2Fwww.lefigaro.fr%2Fvox%2Fmonde%2Femmanuel-razavi-l-iran-et-la-russie-ne-cessent-de-mener-des-operations-de-destabilisation-contre-l-occident-20250824\" data-js-gtm=\"{&quot;customCategorie&quot;: &quot;conversion&quot;, &quot;customAction&quot;: &quot;before_Landing_Connexion_paywall_auto&quot;, &quot;customLabel&quot;: &quot;bGVmaWdhcm8uZnJfXzFmMDcxM2ZjLTA1MjUtNjIwMi1iOWYyLTgxYmNiMGFlMGFhYl9fQXJ0aWNsZQ==_Emmanuel Razavi\u00a0: \u00ab\u00a0L\u2019Iran et la Russie ne cessent de mener des op\u00e9rations de d\u00e9stabilisation contre l\u2019Occident\u00a0\u00bb_469&quot;, &quot;customIDSPE&quot;: &quot;bGVmaWdhcm8uZnJfXzFmMDcxM2ZjLTA1MjUtNjIwMi1iOWYyLTgxYmNiMGFlMGFhYl9fQXJ0aWNsZQ==&quot;, &quot;event&quot;: &quot;customEventSPE&quot;}\" target=\"_blank\" rel=\"noopener\"><br \/>\n                    Connectez-vous<br \/>\n                <\/a>\n            <\/p>\n","protected":false},"excerpt":{"rendered":"ENTRETIEN &#8211; Dans La Pieuvre de T\u00e9h\u00e9ran, co\u00e9crit avec Jean-Marie Montali, le grand reporter raconte l\u2019\u00e9tendue des r\u00e9seaux&hellip;\n","protected":false},"author":2,"featured_media":341536,"comment_status":"","ping_status":"","sticky":false,"template":"","format":"standard","meta":{"footnotes":""},"categories":[1591],"tags":[11,1887,3019,12,1885,1886,132],"class_list":{"0":"post-341535","1":"post","2":"type-post","3":"status-publish","4":"format-standard","5":"has-post-thumbnail","7":"category-russie","8":"tag-actualites","9":"tag-federation-de-russie","10":"tag-iran","11":"tag-news","12":"tag-russia","13":"tag-russian-federation","14":"tag-russie"},"share_on_mastodon":{"url":"https:\/\/pubeurope.com\/@fr\/115086152350570687","error":""},"_links":{"self":[{"href":"https:\/\/www.europesays.com\/fr\/wp-json\/wp\/v2\/posts\/341535","targetHints":{"allow":["GET"]}}],"collection":[{"href":"https:\/\/www.europesays.com\/fr\/wp-json\/wp\/v2\/posts"}],"about":[{"href":"https:\/\/www.europesays.com\/fr\/wp-json\/wp\/v2\/types\/post"}],"author":[{"embeddable":true,"href":"https:\/\/www.europesays.com\/fr\/wp-json\/wp\/v2\/users\/2"}],"replies":[{"embeddable":true,"href":"https:\/\/www.europesays.com\/fr\/wp-json\/wp\/v2\/comments?post=341535"}],"version-history":[{"count":0,"href":"https:\/\/www.europesays.com\/fr\/wp-json\/wp\/v2\/posts\/341535\/revisions"}],"wp:featuredmedia":[{"embeddable":true,"href":"https:\/\/www.europesays.com\/fr\/wp-json\/wp\/v2\/media\/341536"}],"wp:attachment":[{"href":"https:\/\/www.europesays.com\/fr\/wp-json\/wp\/v2\/media?parent=341535"}],"wp:term":[{"taxonomy":"category","embeddable":true,"href":"https:\/\/www.europesays.com\/fr\/wp-json\/wp\/v2\/categories?post=341535"},{"taxonomy":"post_tag","embeddable":true,"href":"https:\/\/www.europesays.com\/fr\/wp-json\/wp\/v2\/tags?post=341535"}],"curies":[{"name":"wp","href":"https:\/\/api.w.org\/{rel}","templated":true}]}}