{"id":341539,"date":"2025-08-24T22:42:18","date_gmt":"2025-08-24T22:42:18","guid":{"rendered":"https:\/\/www.europesays.com\/fr\/341539\/"},"modified":"2025-08-24T22:42:18","modified_gmt":"2025-08-24T22:42:18","slug":"guerre-commerciale-usa-chine-le-port-de-los-angeles-a-larret-journal-de-20-heures","status":"publish","type":"post","link":"https:\/\/www.europesays.com\/fr\/341539\/","title":{"rendered":"Guerre commerciale USA-Chine : le port de Los Angeles \u00e0 l&rsquo;arr\u00eat &#8211; Journal de 20 heures"},"content":{"rendered":"<p id=\"descriptionPanel\" class=\"text-secondary mr-2 line-clamp-2 pr-2.5 overflow-visible\">L&rsquo;augmentation des taxes douani\u00e8res d\u00e9cid\u00e9e par Donald Trump \u00e9tait cens\u00e9e avantager l&rsquo;Am\u00e9rique. Mais la mesure a provoqu\u00e9 un coup d&rsquo;arr\u00eat au commerce avec la Chine. Face aux droits de douane de 30 %, les importateurs ont massivement annul\u00e9 leurs commandes aux fabricants chinois. Au plus grand port du pays, l&rsquo;activit\u00e9 tourne un peu au ralenti. Pr\u00e8s de trois millions de personnes vivent des op\u00e9rations du port de Los Angeles. Elles attendent d\u00e9sesp\u00e9r\u00e9ment un accord entre P\u00e9kin et Washington.<\/p>\n<p>TF1 | Reportage J. JANKOWSKI, A. POUPON<\/p>\n<p>Afficher la version longue du r\u00e9sum\u00e9<a class=\"shrink-0\" href=\"https:\/\/www.tf1.fr\/fr-dz\/tf1\/jt-20h\" target=\"_blank\" rel=\"noopener\"><img decoding=\"async\" src=\"https:\/\/www.europesays.com\/fr\/wp-content\/uploads\/2025\/07\/flux-program-card-portrait-1-jt20h-btcb-f6f521-de0119-4109ab-0@1x.jpg\" width=\"138\" height=\"184\" alt=\"\" loading=\"eager\" fetchpriority=\"auto\" class=\"rounded-3px aspect-[3\/4] h-24 w-auto\" aria-hidden=\"true\"\/><\/a><\/p>\n","protected":false},"excerpt":{"rendered":"L&rsquo;augmentation des taxes douani\u00e8res d\u00e9cid\u00e9e par Donald Trump \u00e9tait cens\u00e9e avantager l&rsquo;Am\u00e9rique. Mais la mesure a provoqu\u00e9 un&hellip;\n","protected":false},"author":2,"featured_media":341540,"comment_status":"","ping_status":"","sticky":false,"template":"","format":"standard","meta":{"footnotes":""},"categories":[1589],"tags":[11,73,1866,3483,3697,41323,41321,3699,3698,41324,41329,41333,41322,41330,41334,41327,41326,12,41331,41332,3701,41328,1864,1865,1863,308,3700,41325],"class_list":{"0":"post-341539","1":"post","2":"type-post","3":"status-publish","4":"format-standard","5":"has-post-thumbnail","7":"category-etats-unis","8":"tag-actualites","9":"tag-etats-unis","10":"tag-etats-unis-damerique","11":"tag-extrait","12":"tag-extrait-journal-de-20-heures","13":"tag-extrait-journal-de-20-heures-tf1","14":"tag-extrait-tf1","15":"tag-journal-de-20-heures","16":"tag-journal-de-20-heures-extrait","17":"tag-journal-de-20-heures-extrait-tf1","18":"tag-journal-de-20-heures-streaming","19":"tag-journal-de-20-heures-streaming-gratuit","20":"tag-journal-de-20-heures-tf1","21":"tag-journal-de-20-heures-tf1-streaming","22":"tag-journal-de-20-heures-tf1-streaming-gratuit","23":"tag-journal-de-20-heures-tf1-video","24":"tag-journal-de-20-heures-video","25":"tag-news","26":"tag-streaming-gratuit-journal-de-20-heures","27":"tag-streaming-gratuit-journal-de-20-heures-tf1","28":"tag-streaming-journal-de-20-heures","29":"tag-streaming-journal-de-20-heures-tf1","30":"tag-united-states","31":"tag-united-states-of-america","32":"tag-us","33":"tag-usa","34":"tag-video-journal-de-20-heures","35":"tag-video-journal-de-20-heures-tf1"},"share_on_mastodon":{"url":"","error":"Validation failed: Text character limit of 500 exceeded"},"_links":{"self":[{"href":"https:\/\/www.europesays.com\/fr\/wp-json\/wp\/v2\/posts\/341539","targetHints":{"allow":["GET"]}}],"collection":[{"href":"https:\/\/www.europesays.com\/fr\/wp-json\/wp\/v2\/posts"}],"about":[{"href":"https:\/\/www.europesays.com\/fr\/wp-json\/wp\/v2\/types\/post"}],"author":[{"embeddable":true,"href":"https:\/\/www.europesays.com\/fr\/wp-json\/wp\/v2\/users\/2"}],"replies":[{"embeddable":true,"href":"https:\/\/www.europesays.com\/fr\/wp-json\/wp\/v2\/comments?post=341539"}],"version-history":[{"count":0,"href":"https:\/\/www.europesays.com\/fr\/wp-json\/wp\/v2\/posts\/341539\/revisions"}],"wp:featuredmedia":[{"embeddable":true,"href":"https:\/\/www.europesays.com\/fr\/wp-json\/wp\/v2\/media\/341540"}],"wp:attachment":[{"href":"https:\/\/www.europesays.com\/fr\/wp-json\/wp\/v2\/media?parent=341539"}],"wp:term":[{"taxonomy":"category","embeddable":true,"href":"https:\/\/www.europesays.com\/fr\/wp-json\/wp\/v2\/categories?post=341539"},{"taxonomy":"post_tag","embeddable":true,"href":"https:\/\/www.europesays.com\/fr\/wp-json\/wp\/v2\/tags?post=341539"}],"curies":[{"name":"wp","href":"https:\/\/api.w.org\/{rel}","templated":true}]}}