{"id":34154,"date":"2025-04-18T13:24:17","date_gmt":"2025-04-18T13:24:17","guid":{"rendered":"https:\/\/www.europesays.com\/fr\/34154\/"},"modified":"2025-04-18T13:24:17","modified_gmt":"2025-04-18T13:24:17","slug":"cette-ville-de-loise-fait-partie-des-plus-populaires-de-france-selon-un-classement","status":"publish","type":"post","link":"https:\/\/www.europesays.com\/fr\/34154\/","title":{"rendered":"Cette ville de l&rsquo;Oise fait partie des plus populaires de France, selon un classement"},"content":{"rendered":"<p>            Par<br \/>\n        <strong><br \/>\n            <a href=\"https:\/\/actu.fr\/auteur\/adrien-deschepper\" title=\"Consulter tous les articles de Adrien Deschepper\" target=\"_blank\" rel=\"noopener\">Adrien Deschepper<\/a><br \/>\n        <\/strong><\/p>\n<p>        Publi\u00e9 le<\/p>\n<p>            17 avr. 2025 \u00e0 20h22        <\/p>\n<p>Sa cath\u00e9drale Notre-Dame, le charme de ses ruelles pav\u00e9es en centre-ville, son pass\u00e9 m\u00e9di\u00e9val et de r\u00e9sidence royale, son ch\u00e2teau qui a accueilli l\u2019\u00e9lection du roi de France Hugues Capet en 987, ses ar\u00e8nes o\u00f9 combattaient les gladiateurs\u2026 La ville de <strong>Senlis<\/strong>, dans le sud de l\u2019<a href=\"http:\/\/actu.fr\/oise\/\" target=\"_blank\" rel=\"noopener\">Oise<\/a>, riche de sa belle histoire, a du succ\u00e8s !<\/p>\n<p class=\" wall-content\">Notamment aupr\u00e8s des <strong>touristes<\/strong>, si l\u2019on en croit le dernier classement r\u00e9alis\u00e9 par <a href=\"https:\/\/www.holidu.fr\/locations-de-vacances\/france\/honfleur#petites_villes\" target=\"_blank\" rel=\"noopener\">Holidu<\/a>, une plateforme de locations de vacances. Celle-ci a class\u00e9 les communes de France comptant moins de 20 000 habitants en fonction de leur <strong>nombre\u00a0de recherches sur Internet.<\/strong><\/p>\n<p class=\" wall-content\">\u00ab\u00a0Bas\u00e9 sur le volume de recherches avec des termes tels que \u2018que faire\u2019, \u2018aller \u00e0\u2019 et \u2018visiter\u2019, notre classement d\u00e9voile les villes qui suscitent le plus d\u2019int\u00e9r\u00eat en 2025\u00a0\u00bb, explique le site.<\/p>\n<p>Senlis, 43e ville la plus populaire de France<\/p>\n<p class=\" wall-content\">Si dans l\u2019hexagone, <a href=\"https:\/\/actu.fr\/normandie\/honfleur_14333\/honfleur-vs-deauville-la-normandie-ecrase-tout-dans-le-top-des-petites-villes-les-plus-populaires-en-2025_62519958.html\" target=\"_blank\" rel=\"noopener\">la Normandie \u00e9crase la concurrence<\/a> avec Honfleur en premi\u00e8re place et Deauville en troisi\u00e8me, les Hauts-de-France tirent tout de m\u00eame leur \u00e9pingle du jeu !<\/p>\n<p class=\" wall-content\">Et notamment l\u2019Oise, qui voit <strong>Senlis<\/strong> se classer \u00e0 la <strong>43e<\/strong> position des 100 villes les plus populaires de France en 2025.\u00a0<\/p>\n<p>Vid\u00e9os : en ce moment sur Actu<\/p>\n<p class=\" wall-content\">Avec ses 15 000 habitants, la cit\u00e9 m\u00e9di\u00e9vale a \u00e9t\u00e9 <strong>recherch\u00e9e \u00e0 plus de 49 800 reprises<\/strong> sur la toile, \u00e0 en croire la plateforme. Une belle performance pour Senlis qui se positionne devant Berck (58e) et Le Crotoy (61e), deux autres destinations pris\u00e9es des vacanciers dans la r\u00e9gion.<\/p>\n<p class=\" wall-content\">A noter \u00e9galement la belle \u00e9volution de Senlis par rapport au m\u00eame classement r\u00e9alis\u00e9 en 2024 par Holidu : un bond de 29 places vers le haut. En janvier dernier, elle avait d\u2019ailleurs d\u00e9j\u00e0 \u00e9t\u00e9 <a href=\"https:\/\/actu.fr\/societe\/decouvrez-le-classement-des-villes-et-villages-ou-il-fait-bon-vivre-dans-l-oise_62186943.html\" target=\"_blank\" rel=\"noopener\">class\u00e9e premi\u00e8re ville de l\u2019Oise o\u00f9 il fait bon vivre<\/a>.<\/p>\n<p>Chantilly, Compi\u00e8gne et Beauvais absentes<\/p>\n<p class=\" wall-content\">Aussi \u00e9tonnant que cela puisse \u00eatre, <strong>Chantilly<\/strong> n\u2019est pas pr\u00e9sente dans ce classement, elle qui abrite pourtant un lieu culturel absolument magnifique, \u00e0 savoir le ch\u00e2teau, <a href=\"https:\/\/actu.fr\/societe\/quels-sont-les-lieux-touristiques-les-plus-visites-dans-le-departement-de-l-oise_62183774.html\" target=\"_blank\" rel=\"noopener\">site touristique le plus visit\u00e9 de l\u2019Oise en 2024<\/a> avec 547 000 visiteurs.<\/p>\n<p class=\" wall-content\">Autres villes oisiennes appr\u00e9ci\u00e9es des touristes, Compi\u00e8gne, Beauvais ou encore Pierrefonds sont \u00e9galement absentes. Il faut dire qu\u2019en France, il y a de la concurrence !<\/p>\n<p class=\" wall-content\">Suivez toute l\u2019actualit\u00e9 de vos villes et m\u00e9dias favoris en vous inscrivant \u00e0 <a href=\"https:\/\/moncompte.actu.fr\" title=\"D\u00e9couvez Mon Actu\" rel=\"nofollow noopener\" data-trk=\"{&quot;cta&quot;:{&quot;action&quot;:&quot;https:\\\/\\\/moncompte.actu.fr&quot;,&quot;category&quot;:&quot;mon compte&quot;,&quot;from&quot;:&quot;article footer&quot;,&quot;name&quot;:&quot;Mon actu&quot;,&quot;type&quot;:&quot;cta&quot;}}\" target=\"_blank\">Mon Actu<\/a>.<\/p>\n","protected":false},"excerpt":{"rendered":"Par Adrien Deschepper Publi\u00e9 le 17 avr. 2025 \u00e0 20h22 Sa cath\u00e9drale Notre-Dame, le charme de ses ruelles&hellip;\n","protected":false},"author":2,"featured_media":34155,"comment_status":"","ping_status":"","sticky":false,"template":"","format":"standard","meta":{"footnotes":""},"categories":[4],"tags":[11,1011,27,7364,12,25,104],"class_list":{"0":"post-34154","1":"post","2":"type-post","3":"status-publish","4":"format-standard","5":"has-post-thumbnail","7":"category-france","8":"tag-actualites","9":"tag-fr","10":"tag-france","11":"tag-loise","12":"tag-news","13":"tag-republique-francaise","14":"tag-societe"},"share_on_mastodon":{"url":"https:\/\/pubeurope.com\/@fr\/114359190366772409","error":""},"_links":{"self":[{"href":"https:\/\/www.europesays.com\/fr\/wp-json\/wp\/v2\/posts\/34154","targetHints":{"allow":["GET"]}}],"collection":[{"href":"https:\/\/www.europesays.com\/fr\/wp-json\/wp\/v2\/posts"}],"about":[{"href":"https:\/\/www.europesays.com\/fr\/wp-json\/wp\/v2\/types\/post"}],"author":[{"embeddable":true,"href":"https:\/\/www.europesays.com\/fr\/wp-json\/wp\/v2\/users\/2"}],"replies":[{"embeddable":true,"href":"https:\/\/www.europesays.com\/fr\/wp-json\/wp\/v2\/comments?post=34154"}],"version-history":[{"count":0,"href":"https:\/\/www.europesays.com\/fr\/wp-json\/wp\/v2\/posts\/34154\/revisions"}],"wp:featuredmedia":[{"embeddable":true,"href":"https:\/\/www.europesays.com\/fr\/wp-json\/wp\/v2\/media\/34155"}],"wp:attachment":[{"href":"https:\/\/www.europesays.com\/fr\/wp-json\/wp\/v2\/media?parent=34154"}],"wp:term":[{"taxonomy":"category","embeddable":true,"href":"https:\/\/www.europesays.com\/fr\/wp-json\/wp\/v2\/categories?post=34154"},{"taxonomy":"post_tag","embeddable":true,"href":"https:\/\/www.europesays.com\/fr\/wp-json\/wp\/v2\/tags?post=34154"}],"curies":[{"name":"wp","href":"https:\/\/api.w.org\/{rel}","templated":true}]}}