{"id":341541,"date":"2025-08-24T22:43:12","date_gmt":"2025-08-24T22:43:12","guid":{"rendered":"https:\/\/www.europesays.com\/fr\/341541\/"},"modified":"2025-08-24T22:43:12","modified_gmt":"2025-08-24T22:43:12","slug":"le-royaume-uni-face-a-la-stagnation-economique-aggravee-par-le-vieillissement-de-la-population","status":"publish","type":"post","link":"https:\/\/www.europesays.com\/fr\/341541\/","title":{"rendered":"Le Royaume-Uni face \u00e0 la stagnation \u00e9conomique aggrav\u00e9e par le vieillissement de la population"},"content":{"rendered":"<p> Facebook   Twitter  LinkedIn WhatsApp<\/p>\n<p data-start=\"213\" data-end=\"584\">Le Royaume-Uni traverse une p\u00e9riode d\u00e9licate marqu\u00e9e par un <strong data-start=\"273\" data-end=\"315\">faible rythme de croissance \u00e9conomique<\/strong> et une participation r\u00e9duite de sa main-d\u2019\u0153uvre, une tendance accentu\u00e9e depuis la pand\u00e9mie de Covid-19.<\/p>\n<p data-start=\"213\" data-end=\"584\">Le gouverneur de la <strong data-start=\"440\" data-end=\"463\">Banque d\u2019Angleterre<\/strong>, Andrew Bailey, a mis en garde contre un \u00ab <strong data-start=\"507\" data-end=\"522\">d\u00e9fi majeur<\/strong> \u00bb qui menace durablement la performance \u00e9conomique du pays.<\/p>\n<p>Un recul de la participation au march\u00e9 du travail<\/p>\n<p data-start=\"642\" data-end=\"948\">Lors d\u2019un discours au <strong data-start=\"664\" data-end=\"700\">symposium annuel de Jackson Hole<\/strong> dans le Wyoming (\u00c9tats-Unis), Bailey a soulign\u00e9 que l\u2019<strong data-start=\"755\" data-end=\"790\">avanc\u00e9e en \u00e2ge de la population<\/strong> et le <strong data-start=\"797\" data-end=\"845\">d\u00e9sengagement d\u2019une partie des jeunes actifs<\/strong>, souvent en raison de probl\u00e8mes de sant\u00e9 chroniques, constituent des freins importants \u00e0 la reprise.<\/p>\n<p data-start=\"950\" data-end=\"1277\">Les donn\u00e9es officielles confirment que le <strong data-start=\"992\" data-end=\"1025\">taux d\u2019activit\u00e9 des 16-64 ans<\/strong> demeure inf\u00e9rieur \u00e0 son niveau d\u2019avant la pand\u00e9mie, contrairement aux autres grandes \u00e9conomies avanc\u00e9es. Plus d\u2019<strong data-start=\"1138\" data-end=\"1200\">un million de Britanniques ont quitt\u00e9 le march\u00e9 du travail<\/strong> depuis 2020, citant principalement des probl\u00e8mes de sant\u00e9 de longue dur\u00e9e.<\/p>\n<p data-start=\"1328\" data-end=\"1637\">Cons\u00e9quence directe, la Banque d\u2019Angleterre a revu \u00e0 la baisse son estimation de la croissance potentielle du <strong data-start=\"1438\" data-end=\"1445\">PIB<\/strong>, d\u00e9sormais limit\u00e9e \u00e0 <strong data-start=\"1467\" data-end=\"1489\">un peu plus de 1 %<\/strong> par an. Ce ralentissement structurel rend le pays <strong data-start=\"1540\" data-end=\"1569\">plus expos\u00e9 \u00e0 l\u2019inflation<\/strong>, un risque que la banque centrale continue de surveiller de pr\u00e8s.<\/p>\n<p data-start=\"1639\" data-end=\"1805\">Ce mois-ci, l\u2019institution a abaiss\u00e9 son <strong data-start=\"1679\" data-end=\"1703\">taux directeur \u00e0 4 %<\/strong>, tout en pr\u00e9venant que la hausse des prix restait une menace s\u00e9rieuse pour la stabilit\u00e9 \u00e9conomique.<\/p>\n<p>Un casse-t\u00eate budg\u00e9taire pour le gouvernement<\/p>\n<p data-start=\"1859\" data-end=\"2295\">Cette stagnation repr\u00e9sente \u00e9galement un d\u00e9fi pour la ministre des Finances, <strong data-start=\"1936\" data-end=\"1953\">Rachel Reeves<\/strong>, confront\u00e9e \u00e0 la n\u00e9cessit\u00e9 de <strong data-start=\"1984\" data-end=\"2015\">contr\u00f4ler la dette publique<\/strong> tout en respectant ses propres r\u00e8gles budg\u00e9taires strictes.<\/p>\n<p data-start=\"1859\" data-end=\"2295\">Selon les projections, l\u2019<strong data-start=\"2101\" data-end=\"2143\">Office for Budget Responsibility (OBR)<\/strong> pourrait r\u00e9viser \u00e0 la baisse ses pr\u00e9visions de croissance, ce qui contraindrait le gouvernement \u00e0 envisager <strong data-start=\"2252\" data-end=\"2277\">une hausse des imp\u00f4ts<\/strong> pour compenser.<\/p>\n<p data-start=\"2335\" data-end=\"2661\">Pour Andrew Bailey, la seule voie pour contrer les effets du vieillissement d\u00e9mographique r\u00e9side dans une <strong data-start=\"2441\" data-end=\"2484\">augmentation durable de la productivit\u00e9<\/strong>.<\/p>\n<p data-start=\"2335\" data-end=\"2661\">\u00ab La d\u00e9mographie ne changera pas \u00e0 court terme \u00bb, a-t-il insist\u00e9, appelant \u00e0 des r\u00e9formes structurelles et \u00e0 des investissements cibl\u00e9s afin d\u2019\u00e9viter un enlisement prolong\u00e9.<\/p>\n<p> Facebook   Twitter  LinkedIn WhatsApp<\/p>\n<p> <b>Que se passe-t-il en Tunisie?<\/b><br \/>Nous expliquons sur notre <a href=\"https:\/\/www.youtube.com\/channel\/UCRzypVq0B_yBad5eGrwBx0Q?sub_confirmation=1\" target=\"_blank\" rel=\"noopener\">cha\u00eene YouTube<\/a> . <a href=\"https:\/\/www.youtube.com\/channel\/UCRzypVq0B_yBad5eGrwBx0Q?sub_confirmation=1\" target=\"_blank\" rel=\"noopener\">Abonnez-vous!<\/a><\/p>\n<p> <img decoding=\"async\" src=\"https:\/\/www.europesays.com\/fr\/wp-content\/uploads\/2025\/05\/Logo-Tn1-1-3.png\"\/><\/p>\n","protected":false},"excerpt":{"rendered":"Facebook Twitter LinkedIn WhatsApp Le Royaume-Uni traverse une p\u00e9riode d\u00e9licate marqu\u00e9e par un faible rythme de croissance \u00e9conomique&hellip;\n","protected":false},"author":2,"featured_media":315259,"comment_status":"","ping_status":"","sticky":false,"template":"","format":"standard","meta":{"footnotes":""},"categories":[1588],"tags":[11,47793,19980,8410,1777,674,9345,47794,12,6311,36432,11113,473,1853,1851,1850,1852,47795],"class_list":{"0":"post-341541","1":"post","2":"type-post","3":"status-publish","4":"format-standard","5":"has-post-thumbnail","7":"category-royaume-uni","8":"tag-actualites","9":"tag-andrew-bailey","10":"tag-banque-dangleterre","11":"tag-croissance-economique","12":"tag-eu","13":"tag-europe","14":"tag-inflation","15":"tag-marche-du-travail-britannique","16":"tag-news","17":"tag-pib","18":"tag-productivite","19":"tag-rachel-reeves","20":"tag-royaume-uni","21":"tag-royaume-uni-de-grande-bretagne-et-dirlande-du-nord","22":"tag-uk","23":"tag-united-kingdom","24":"tag-united-kingdom-of-great-britain-and-northern-ireland","25":"tag-vieillissement-demographique"},"share_on_mastodon":{"url":"https:\/\/pubeurope.com\/@fr\/115086164375860282","error":""},"_links":{"self":[{"href":"https:\/\/www.europesays.com\/fr\/wp-json\/wp\/v2\/posts\/341541","targetHints":{"allow":["GET"]}}],"collection":[{"href":"https:\/\/www.europesays.com\/fr\/wp-json\/wp\/v2\/posts"}],"about":[{"href":"https:\/\/www.europesays.com\/fr\/wp-json\/wp\/v2\/types\/post"}],"author":[{"embeddable":true,"href":"https:\/\/www.europesays.com\/fr\/wp-json\/wp\/v2\/users\/2"}],"replies":[{"embeddable":true,"href":"https:\/\/www.europesays.com\/fr\/wp-json\/wp\/v2\/comments?post=341541"}],"version-history":[{"count":0,"href":"https:\/\/www.europesays.com\/fr\/wp-json\/wp\/v2\/posts\/341541\/revisions"}],"wp:featuredmedia":[{"embeddable":true,"href":"https:\/\/www.europesays.com\/fr\/wp-json\/wp\/v2\/media\/315259"}],"wp:attachment":[{"href":"https:\/\/www.europesays.com\/fr\/wp-json\/wp\/v2\/media?parent=341541"}],"wp:term":[{"taxonomy":"category","embeddable":true,"href":"https:\/\/www.europesays.com\/fr\/wp-json\/wp\/v2\/categories?post=341541"},{"taxonomy":"post_tag","embeddable":true,"href":"https:\/\/www.europesays.com\/fr\/wp-json\/wp\/v2\/tags?post=341541"}],"curies":[{"name":"wp","href":"https:\/\/api.w.org\/{rel}","templated":true}]}}