{"id":341542,"date":"2025-08-24T22:44:34","date_gmt":"2025-08-24T22:44:34","guid":{"rendered":"https:\/\/www.europesays.com\/fr\/341542\/"},"modified":"2025-08-24T22:44:34","modified_gmt":"2025-08-24T22:44:34","slug":"brennan-simpose-au-sprint-waerenskjold-sacre-sur-le-tour-dallemagne","status":"publish","type":"post","link":"https:\/\/www.europesays.com\/fr\/341542\/","title":{"rendered":"Brennan s&rsquo;impose au sprint, W\u00e6renskjold sacr\u00e9 sur le Tour d&rsquo;Allemagne"},"content":{"rendered":"<p><strong>Le coureur britannique a remport\u00e9 la quatri\u00e8me \u00e9tape \u00e0 Magdebourg, tandis que le Norv\u00e9gien a confirm\u00e9 sa domination au classement g\u00e9n\u00e9ral gr\u00e2ce \u00e0 une solide deuxi\u00e8me place.<\/strong><\/p>\n<p>La derni\u00e8re \u00e9tape du Tour d\u2019Allemagne s\u2019est conclue par un bouquet final spectaculaire dans les rues de Magdebourg. Matthew Brennan a prouv\u00e9 une nouvelle fois sa sup\u00e9riorit\u00e9 dans les sprints en devan\u00e7ant ses adversaires apr\u00e8s une course minutieusement contr\u00f4l\u00e9e par les \u00e9quipes des favoris. D\u00e9j\u00e0 vainqueur en d\u00e9but d\u2019\u00e9preuve, le Britannique a parfaitement n\u00e9goci\u00e9 l\u2019ultime ligne droite pour s\u2019adjuger sa deuxi\u00e8me victoire sur cette \u00e9dition.<\/p>\n<p>S\u00f8ren W\u00e6renskjold, en terminant imm\u00e9diatement derri\u00e8re lui, a assur\u00e9 d\u00e9finitivement son succ\u00e8s au classement g\u00e9n\u00e9ral. Le Norv\u00e9gien a fait preuve d\u2019une grande r\u00e9gularit\u00e9 tout au long de la semaine et n\u2019a jamais \u00e9t\u00e9 mis en difficult\u00e9 lors de cette derni\u00e8re journ\u00e9e. Malgr\u00e9 une \u00e9chapp\u00e9e solitaire de Brandon McNulty en d\u00e9but d\u2019\u00e9tape, les \u00e9quipes des sprinteurs ont repris les commandes dans les soixante derniers kilom\u00e8tres, verrouillant toute tentative.<\/p>\n<p>Plusieurs chutes ont \u00e9maill\u00e9 le final, notamment une importante chute collective qui a touch\u00e9 une vingtaine de coureurs. Dans le dernier kilom\u00e8tre, un nouvel incident a \u00e9cart\u00e9 Danny van Poppel et Vlad Van Mechelen de la lutte pour la victoire. Bien men\u00e9 par son \u00e9quipe, Brennan n\u2019a pas laiss\u00e9 passer sa chance et s\u2019est impos\u00e9 devant W\u00e6renskjold et Jonathan Milan. Hugo Hofstetter, premier Fran\u00e7ais, a pris la douzi\u00e8me place.<\/p>\n<p>Avec ce r\u00e9sultat, S\u00f8ren W\u00e6renskjold remporte le Tour d\u2019Allemagne devant Jhonatan Narvaez et Matthew Brennan, confirmant ainsi la belle forme qui \u00e9tait la sienne depuis le d\u00e9but de l\u2019\u00e9preuve.<\/p>\n","protected":false},"excerpt":{"rendered":"Le coureur britannique a remport\u00e9 la quatri\u00e8me \u00e9tape \u00e0 Magdebourg, tandis que le Norv\u00e9gien a confirm\u00e9 sa domination&hellip;\n","protected":false},"author":2,"featured_media":341543,"comment_status":"","ping_status":"","sticky":false,"template":"","format":"standard","meta":{"footnotes":""},"categories":[1587],"tags":[11,672,1804,1805,1803,1777,674,1801,12,1802],"class_list":{"0":"post-341542","1":"post","2":"type-post","3":"status-publish","4":"format-standard","5":"has-post-thumbnail","7":"category-allemagne","8":"tag-actualites","9":"tag-allemagne","10":"tag-bundesrepublik-deutschland","11":"tag-de","12":"tag-deutschland","13":"tag-eu","14":"tag-europe","15":"tag-germany","16":"tag-news","17":"tag-republique-federale-dallemagne"},"share_on_mastodon":{"url":"https:\/\/pubeurope.com\/@fr\/115086168264596753","error":""},"_links":{"self":[{"href":"https:\/\/www.europesays.com\/fr\/wp-json\/wp\/v2\/posts\/341542","targetHints":{"allow":["GET"]}}],"collection":[{"href":"https:\/\/www.europesays.com\/fr\/wp-json\/wp\/v2\/posts"}],"about":[{"href":"https:\/\/www.europesays.com\/fr\/wp-json\/wp\/v2\/types\/post"}],"author":[{"embeddable":true,"href":"https:\/\/www.europesays.com\/fr\/wp-json\/wp\/v2\/users\/2"}],"replies":[{"embeddable":true,"href":"https:\/\/www.europesays.com\/fr\/wp-json\/wp\/v2\/comments?post=341542"}],"version-history":[{"count":0,"href":"https:\/\/www.europesays.com\/fr\/wp-json\/wp\/v2\/posts\/341542\/revisions"}],"wp:featuredmedia":[{"embeddable":true,"href":"https:\/\/www.europesays.com\/fr\/wp-json\/wp\/v2\/media\/341543"}],"wp:attachment":[{"href":"https:\/\/www.europesays.com\/fr\/wp-json\/wp\/v2\/media?parent=341542"}],"wp:term":[{"taxonomy":"category","embeddable":true,"href":"https:\/\/www.europesays.com\/fr\/wp-json\/wp\/v2\/categories?post=341542"},{"taxonomy":"post_tag","embeddable":true,"href":"https:\/\/www.europesays.com\/fr\/wp-json\/wp\/v2\/tags?post=341542"}],"curies":[{"name":"wp","href":"https:\/\/api.w.org\/{rel}","templated":true}]}}