{"id":341553,"date":"2025-08-24T22:50:22","date_gmt":"2025-08-24T22:50:22","guid":{"rendered":"https:\/\/www.europesays.com\/fr\/341553\/"},"modified":"2025-08-24T22:50:22","modified_gmt":"2025-08-24T22:50:22","slug":"oihan-guillamoundeguy-securise-encore-un-peu-plus-sa-place-sur-le-dp-world-tour","status":"publish","type":"post","link":"https:\/\/www.europesays.com\/fr\/341553\/","title":{"rendered":"Oihan Guillamoundeguy s\u00e9curise encore un peu plus sa place sur le DP World Tour"},"content":{"rendered":"<p>\t\t\t\t\t\t<img width=\"770\" height=\"557\" src=\"https:\/\/www.europesays.com\/fr\/wp-content\/uploads\/2025\/07\/oihan-guillamoundeguy-challenge-tour-leader-golf-allemagne-road-mallorca-2-770x557.jpg\" class=\"img-responsive wp-post-image\" alt=\"Oihan Guillamoundeguy (Photo by Octavio Passos \/ GETTY IMAGES EUROPE \/ Getty Images via AFP)\" decoding=\"async\" fetchpriority=\"high\"  \/>\t\t\t\t\t<\/p>\n<p>\t\t\t\t\t\t Partager cet article <\/p>\n<p class=\"screen-reader-text juiz_sps_maybe_hidden_text\">Partager la publication \u00ab\u00a0Oihan Guillamoundeguy s\u00e9curise encore un peu plus sa place sur le DP World Tour\u00a0\u00bb<\/p>\n<p><strong>Auteur d\u2019une magnifique carte de 62 (-9) ce dimanche, Oihan Guillamoundeguy (photo) s\u2019est offert un nouveau podium aux Pays-Bas. Quatre autres Fran\u00e7ais ont pris place dans le top 20.<\/strong><\/p>\n<p>\t\t\t\t\t<a id=\"181442\" href=\"https:\/\/www.formigolf.fr\/voyage-pays~fairplay_golf__spa_resort_5etoiles_cadiz~199~espagne\" target=\"_blank\" rel=\"sponsorised nofollow noopener\"><img decoding=\"async\" src=\"data:image\/svg+xml,%3Csvg%20xmlns=\" http:=\"\" class=\"img-responsive\" alt=\"\" data-lazy-src=\"https:\/\/www.europesays.com\/fr\/wp-content\/uploads\/2025\/08\/formigolf-e08-andalousie-cadiz-1170x275-1.gif\"\/><\/a><\/p>\n<p>C\u2019est de plus en plus une certitude : <strong>Oihan Guillamoundeguy<\/strong> sera bel et bien sur le <strong>DP World Tour<\/strong> l\u2019an prochain. Le Landais, deuxi\u00e8me de la Road to Mallorca avant cette \u00e9preuve, a confirm\u00e9 un peu plus sa place dans le haut du classement en prenant la troisi\u00e8me place ex aequo du <strong>Dutch Futures<\/strong>.<\/p>\n<p>Le repr\u00e9sentant du <strong>Golf de Seignosse<\/strong> (40) a sign\u00e9 la carte de la semaine lors de ce dernier tour avec un incroyable 62 (-9). La victoire est revenue \u00e0 l\u2019Italien <strong>Filippo Celli<\/strong>, deux coups devant l\u2019Allemand <strong>Hurly Long<\/strong>.<\/p>\n<p>\t\t\t\t\t<a id=\"183294\" href=\"https:\/\/golfplus.fr\/kit-1-2-serie-graphite-p4785.html\" target=\"_blank\" rel=\"sponsorised nofollow noopener\"><img decoding=\"async\" src=\"data:image\/svg+xml,%3Csvg%20xmlns=\" http:=\"\" class=\"img-responsive\" alt=\"\" data-lazy-src=\"https:\/\/www.europesays.com\/fr\/wp-content\/uploads\/2025\/08\/golfplus-e22-kits-greens-1170x275-1.jpg\"\/><\/a><\/p>\n<blockquote class=\"twitter-tweet\">\n<p dir=\"ltr\" lang=\"en\">Hurly Long sets the number at 13 under \ud83d\udc4f <a href=\"https:\/\/t.co\/jL7hF59pKO\" rel=\"nofollow\">pic.twitter.com\/jL7hF59pKO<\/a><\/p>\n<p>\u2014 HotelPlanner Tour (@HPlanner_Tour) <a href=\"https:\/\/twitter.com\/HPlanner_Tour\/status\/1959621246355677311?ref_src=twsrc%5Etfw\" rel=\"nofollow noopener\" target=\"_blank\">August 24, 2025<\/a><\/p>\n<\/blockquote>\n<p>\t\t\t\t\t<a id=\"182585\" href=\"https:\/\/www.golfcapdagde.com\/\" target=\"_blank\" rel=\"sponsorised nofollow noopener\"><img decoding=\"async\" src=\"data:image\/svg+xml,%3Csvg%20xmlns=\" http:=\"\" class=\"img-responsive\" alt=\"\" data-lazy-src=\"https:\/\/www.europesays.com\/fr\/wp-content\/uploads\/2025\/06\/capdagdegolf-e01-experience-golf-1170x275-1.gif\"\/><\/a><br \/>\nAndoni Etchenique confirme<\/p>\n<p>Comme la semaine pass\u00e9e, <strong>Andoni Etchenique<\/strong> a pris place dans le top 10. Le Basque, neuvi\u00e8me au final, aurait m\u00eame pu esp\u00e9rer mieux, mais il a flanch\u00e9 sur sa fin de partie avec un double et un bogey. Il se rapproche tout de m\u00eame du top 100 au g\u00e9n\u00e9ral.<\/p>\n<p><strong>Julien Quesne<\/strong> a fait presque aussi bien que Guillamoundeguy, 25 ans d\u2019\u00e9cart entre les deux hommes, dans ce dernier tour. Le membre de la <strong>C&amp;S Golf Team<\/strong> a sign\u00e9 un excellent 63 (-8) pour remonter \u00e0 la 16e place en compagnie de <strong>Nathan Legendre <\/strong>et<strong> Julien Sale<\/strong>.<\/p>\n<p>\t\t\t\t\t<a id=\"172238\" href=\"https:\/\/www.proambiarritz.com\/\" target=\"_blank\" rel=\"sponsorised nofollow noopener\"><img decoding=\"async\" src=\"data:image\/svg+xml,%3Csvg%20xmlns=\" http:=\"\" class=\"img-responsive\" alt=\"\" data-lazy-src=\"https:\/\/www.europesays.com\/fr\/wp-content\/uploads\/2025\/05\/golffirst_e03-proam-biarritz-1170x275-1.gif\"\/><\/a><br \/>\nLe leaderboard<\/p>\n<p><img loading=\"lazy\" decoding=\"async\" class=\"alignnone wp-image-183226 size-image-largeur-770\" src=\"data:image\/svg+xml,%3Csvg%20xmlns=\" http:=\"\" alt=\"\" width=\"770\" height=\"395\" data-lazy- data-lazy- data-lazy-src=\"https:\/\/www.europesays.com\/fr\/wp-content\/uploads\/2025\/08\/capture-decran-2025-08-24-a-18.22.40-770x395.png\"\/><\/p>\n<p>Les autres Fran\u00e7ais<\/p>\n<p><img loading=\"lazy\" decoding=\"async\" class=\"alignnone wp-image-183227 size-image-largeur-770\" src=\"data:image\/svg+xml,%3Csvg%20xmlns=\" http:=\"\" alt=\"\" width=\"770\" height=\"476\" data-lazy- data-lazy- data-lazy-src=\"https:\/\/www.europesays.com\/fr\/wp-content\/uploads\/2025\/08\/capture-decran-2025-08-24-a-18.22.26-770x476.png\"\/><\/p>\n<p>\t\t\t\t\t<a id=\"177181\" href=\"http:\/\/charleskent-golf.com\/andalucia-majors\/\" target=\"_blank\" rel=\"sponsorised nofollow noopener\"><img decoding=\"async\" src=\"data:image\/svg+xml,%3Csvg%20xmlns=\" http:=\"\" class=\"img-responsive\" alt=\"\" data-lazy-src=\"https:\/\/www.europesays.com\/fr\/wp-content\/uploads\/2025\/06\/charleskent-e03-andalucia-majors-1170x275-1.gif\"\/><\/a><\/p>\n<p>\u00a9Octavio Passos \/ GETTY IMAGES EUROPE \/ Getty Images via AFP)<\/p>\n<p>\t\t\t<script async src=\"https:\/\/platform.twitter.com\/widgets.js\" charset=\"utf-8\"><\/script><\/p>\n","protected":false},"excerpt":{"rendered":"Partager cet article Partager la publication \u00ab\u00a0Oihan Guillamoundeguy s\u00e9curise encore un peu plus sa place sur le DP&hellip;\n","protected":false},"author":2,"featured_media":235588,"comment_status":"","ping_status":"","sticky":false,"template":"","format":"standard","meta":{"footnotes":""},"categories":[1418],"tags":[1011,27,1472,60],"class_list":{"0":"post-341553","1":"post","2":"type-post","3":"status-publish","4":"format-standard","5":"has-post-thumbnail","7":"category-golf","8":"tag-fr","9":"tag-france","10":"tag-golf","11":"tag-sports"},"share_on_mastodon":{"url":"https:\/\/pubeurope.com\/@fr\/115086191758959845","error":""},"_links":{"self":[{"href":"https:\/\/www.europesays.com\/fr\/wp-json\/wp\/v2\/posts\/341553","targetHints":{"allow":["GET"]}}],"collection":[{"href":"https:\/\/www.europesays.com\/fr\/wp-json\/wp\/v2\/posts"}],"about":[{"href":"https:\/\/www.europesays.com\/fr\/wp-json\/wp\/v2\/types\/post"}],"author":[{"embeddable":true,"href":"https:\/\/www.europesays.com\/fr\/wp-json\/wp\/v2\/users\/2"}],"replies":[{"embeddable":true,"href":"https:\/\/www.europesays.com\/fr\/wp-json\/wp\/v2\/comments?post=341553"}],"version-history":[{"count":0,"href":"https:\/\/www.europesays.com\/fr\/wp-json\/wp\/v2\/posts\/341553\/revisions"}],"wp:featuredmedia":[{"embeddable":true,"href":"https:\/\/www.europesays.com\/fr\/wp-json\/wp\/v2\/media\/235588"}],"wp:attachment":[{"href":"https:\/\/www.europesays.com\/fr\/wp-json\/wp\/v2\/media?parent=341553"}],"wp:term":[{"taxonomy":"category","embeddable":true,"href":"https:\/\/www.europesays.com\/fr\/wp-json\/wp\/v2\/categories?post=341553"},{"taxonomy":"post_tag","embeddable":true,"href":"https:\/\/www.europesays.com\/fr\/wp-json\/wp\/v2\/tags?post=341553"}],"curies":[{"name":"wp","href":"https:\/\/api.w.org\/{rel}","templated":true}]}}