{"id":341554,"date":"2025-08-24T22:52:11","date_gmt":"2025-08-24T22:52:11","guid":{"rendered":"https:\/\/www.europesays.com\/fr\/341554\/"},"modified":"2025-08-24T22:52:11","modified_gmt":"2025-08-24T22:52:11","slug":"un-terrain-du-centre-dentrainement-dagen-renomme-en-hommage-a-medhi-narjissi-lequipe","status":"publish","type":"post","link":"https:\/\/www.europesays.com\/fr\/341554\/","title":{"rendered":"Un terrain du centre d&#039;entra\u00eenement d&#039;Agen renomm\u00e9 en hommage \u00e0 Medhi Narjissi &#8211; L&#039;\u00c9quipe"},"content":{"rendered":"<ol>\n<li><a href=\"https:\/\/news.google.com\/rss\/articles\/CBMixAFBVV95cUxNWFdxM0l0dFhSU1EyYUVvT2UxSFNyMFNCWGc4dzh4T1h2UkowVnpFMEZseFlpRkJ5X1dMQ0FZd3QtLVZZTWRNenEyZWhIZjNNYnNPZDFvdXhJOVRHNVQtRTVJbkFwWUpmTnFfRk50cnFZTlVUaE01RjV6Q3EtZ3NReWtJWHVJMTBHeDN5Ym1KSHJWRVNRaTBiSDFFQ0M5UVVNWk9FakZWeC1ocHlvQ2JpT3dJVEZMa25idjVrbUI2WGQtd3pX?oc=5\" target=\"_blank\" rel=\"nofollow noopener\">Un terrain du centre d&rsquo;entra\u00eenement d&rsquo;Agen renomm\u00e9 en hommage \u00e0 Medhi Narjissi<\/a>&nbsp;&nbsp;L&rsquo;\u00c9quipe<\/li>\n<li><a href=\"https:\/\/news.google.com\/rss\/articles\/CBMiywFBVV95cUxPbks2OS1qbHZrM0EtLW5pV2ZMYzhlSjZGQkJWallUbkVmTXpvS3p1am1iN1dpaGYwUXd2X2FrNTluU1ZkeTlMb3hwQVRfZHUtMTY5U0ZUaDBGYnRvSDJsRW5YejVKbGhkYlJ5WUM2Nm5RNk96WEJaQ09DekJ2Y1ZKSVZCV0MtVmZhMWt0Yk90a0Eyb1Y0cU5BZ2tESTZweGthWWRBQzVfWE9leEEzRXhzMEZPc2lNTHZOR3ptdkF2Qk5Jc3FmVy1rOHhRTQ?oc=5\" target=\"_blank\" rel=\"nofollow noopener\">Rugby. Le terrain Medhi Narjissi au milieu des gloires agenaises \u00e0 Armandie<\/a>&nbsp;&nbsp;Sud Ouest<\/li>\n<li><a href=\"https:\/\/news.google.com\/rss\/articles\/CBMigwJBVV95cUxQSm9mNVYwT2UxcGVoU0l1Um03NnJvSWVVLTduNW0wQU16RWhZSi1Yd1FPeGczVVZEU3ZKaUZlMHJxck9KSFdDVTNOTTFMU2hZcGlMa0pfLVl1bWJ4UmtXMzctVWlIeVZUWmpoS09rQXE5NExlSjcwZ1lxVXltaHdDUU9qMFVvZlJHaENhVHp5TUVKT1U0dUphRWZnNkNyZ0ZiOEdQckljQTZpZFZMSzVwSTl0WnRXczJGb0dJMUF3aXlicUlGMkVNT2liczZjNV9sajZWdk9Kcll3M2JZOEtDd1lJZncxaXhYaFg1WjFFVFFIWXo4MjNvbUZkMzNyQ045Yjln?oc=5\" target=\"_blank\" rel=\"nofollow noopener\">\u00ab\u00a0Chaque moment que je vis, c\u2019est pour nous deux\u00a0\u00bb : vibrante \u00e9motion pour l\u2019hommage \u00e0 Medhi Narjissi \u00e0 Agen<\/a>&nbsp;&nbsp;Rugbyrama<\/li>\n<li><a href=\"https:\/\/news.google.com\/rss\/articles\/CBMipgJBVV95cUxPcV9OdEtGc2xOS29OMDRYWU1rVVd0T2hIUE56Z3hfWWV0b2hXZ1dIRDlHelJXeVdQY3hUeWtseXZvT2d5WXlpamFkQXF4SGJpVjFhWlJrN0Z3SDRRNmdVZk04S1UwOTdwejlhLWRGd2JRYUpxakQ4MklJMWdacW5XN003SG9wQ2Y5MS1kODZ1QUFkTTdWVkdQdGNfbXpHQUcxYmw0dDFNNU1hU1lBNllLQm1yVGZTOWVEcWN4S0p6amU5b2Rwbi0zSFVBa3c4U1A4bUFINDZBQlJjMFpqc0xHdmFDQU1NUWFGdllsYW85ZzUxSlpsaGR6cW5RRTZPUk4wVmI1R3FpVjBWbjlXekk3MjNuR04tRUt4aHFYRXNSS3RFeG1ZS3c?oc=5\" target=\"_blank\" rel=\"nofollow noopener\">\u00ab\u00a0Notre mani\u00e8re de garder Medhi vivant\u00a0\u00bb. Un terrain de rugby \u00e0 Agen porte d\u00e9sormais le nom du jeune homme disparu<\/a>&nbsp;&nbsp;France 3 R\u00e9gions<\/li>\n<li><a href=\"https:\/\/news.google.com\/rss\/articles\/CBMi-AFBVV95cUxQNUdMaVhPMERBd0VXRExKRkpTYkZZYVIzVkVtTnlMd1JUUm01MXF6b003UUlwSmwyLTBGWjViR19LQndfU1B1UHhwNjN0RWVzYXdFNEYyRWhYQ1MyeTFLTXI1R0lRb1ZUSG04VmdLM2RiVUgxcWxkd1dXN1J3M2tIZkdqZ0pfbEE0MlFWS2hqU2E1d0kwMERhZVNtc0hhcU9LcFA1dGhrLUwtQ2JhZkViTFBBbk9FLW1HMGp4X0gzNzFrZFZMWk85bTA0WmM0RVRxTjQxRjlhQm5ZdEphTUg5TmEtUHI5ZWM3aVljb050aUJJdFR3UXRiYg?oc=5\" target=\"_blank\" rel=\"nofollow noopener\">\u00ab\u00a0Un geste humble et fort pour le garder avec nous\u00a0\u00bb: le terrain Medhi Narjissi a \u00e9t\u00e9 inaugur\u00e9 par des centaines d\u2019Agenais<\/a>&nbsp;&nbsp;ladepeche.fr<\/li>\n<\/ol>\n","protected":false},"excerpt":{"rendered":"Un terrain du centre d&rsquo;entra\u00eenement d&rsquo;Agen renomm\u00e9 en hommage \u00e0 Medhi Narjissi&nbsp;&nbsp;L&rsquo;\u00c9quipe Rugby. Le terrain Medhi Narjissi au&hellip;\n","protected":false},"author":2,"featured_media":341555,"comment_status":"","ping_status":"","sticky":false,"template":"","format":"standard","meta":{"footnotes":""},"categories":[1416],"tags":[1011,27,479,1468,60],"class_list":{"0":"post-341554","1":"post","2":"type-post","3":"status-publish","4":"format-standard","5":"has-post-thumbnail","7":"category-rugby","8":"tag-fr","9":"tag-france","10":"tag-rugby","11":"tag-rugby-football","12":"tag-sports"},"share_on_mastodon":{"url":"https:\/\/pubeurope.com\/@fr\/115086199560557212","error":""},"_links":{"self":[{"href":"https:\/\/www.europesays.com\/fr\/wp-json\/wp\/v2\/posts\/341554","targetHints":{"allow":["GET"]}}],"collection":[{"href":"https:\/\/www.europesays.com\/fr\/wp-json\/wp\/v2\/posts"}],"about":[{"href":"https:\/\/www.europesays.com\/fr\/wp-json\/wp\/v2\/types\/post"}],"author":[{"embeddable":true,"href":"https:\/\/www.europesays.com\/fr\/wp-json\/wp\/v2\/users\/2"}],"replies":[{"embeddable":true,"href":"https:\/\/www.europesays.com\/fr\/wp-json\/wp\/v2\/comments?post=341554"}],"version-history":[{"count":0,"href":"https:\/\/www.europesays.com\/fr\/wp-json\/wp\/v2\/posts\/341554\/revisions"}],"wp:featuredmedia":[{"embeddable":true,"href":"https:\/\/www.europesays.com\/fr\/wp-json\/wp\/v2\/media\/341555"}],"wp:attachment":[{"href":"https:\/\/www.europesays.com\/fr\/wp-json\/wp\/v2\/media?parent=341554"}],"wp:term":[{"taxonomy":"category","embeddable":true,"href":"https:\/\/www.europesays.com\/fr\/wp-json\/wp\/v2\/categories?post=341554"},{"taxonomy":"post_tag","embeddable":true,"href":"https:\/\/www.europesays.com\/fr\/wp-json\/wp\/v2\/tags?post=341554"}],"curies":[{"name":"wp","href":"https:\/\/api.w.org\/{rel}","templated":true}]}}