{"id":341556,"date":"2025-08-24T22:53:19","date_gmt":"2025-08-24T22:53:19","guid":{"rendered":"https:\/\/www.europesays.com\/fr\/341556\/"},"modified":"2025-08-24T22:53:19","modified_gmt":"2025-08-24T22:53:19","slug":"le-qualifie-ugo-blanchet-remporte-son-premier-match-en-grand-chelem-contre-fabian-marozsan-au-1er-tour-de-lus-open-lequipe","status":"publish","type":"post","link":"https:\/\/www.europesays.com\/fr\/341556\/","title":{"rendered":"Le qualifi\u00e9 Ugo Blanchet remporte son premier match en Grand Chelem contre Fabian Marozs\u00e1n au 1er tour de l&#039;US Open &#8211; L&#039;\u00c9quipe"},"content":{"rendered":"<ol>\n<li><a href=\"https:\/\/news.google.com\/rss\/articles\/CBMi9wFBVV95cUxQa2Fjd3FxNm16N19Kb1EtcHdTRGFvZWJjbkFHZ3hxdmJVTTlqQlR3SFhDS1BfUmowVU0tTExha0Y0UXE2SjZLQ3JYLXd4c25sZVRiWDkwQ0NjQVBpdTlxMl9KbUo4Vmhoc0dRYjFaOFdFWlRJWVVFNDZ3aHpRSXdGOURJcW1YekRybmdYUmR3M3hQRWpoWUlpTWRWZVp3eVlXVGZEaXdDcWhpZkJjNld1MTRZR2p0X2JNTWhjTjAyWHhWQUxXTkktX2l2Ulo2cnlIQlhwSTlMVDVtdExHbWtqa2hZU1NFSzliUnZqZ2hKdExWYXJUWFJj?oc=5\" target=\"_blank\" rel=\"nofollow noopener\">Le qualifi\u00e9 Ugo Blanchet remporte son premier match en Grand Chelem contre Fabian Marozs\u00e1n au 1er tour de l&rsquo;US Open<\/a>&nbsp;&nbsp;L&rsquo;\u00c9quipe<\/li>\n<li><a href=\"https:\/\/news.google.com\/rss\/articles\/CBMi7AFBVV95cUxOUl8xM3J2WnBOYmJyVlpmVWlQcFBFRms1N1ZYMmRLZ2RqRHQwRm94bUhIZWU0eHc5SWZGdlFiUXBoQ3JtbDZpVE9ET1lYbklSVzROTGpQcGdORlN4ZmxrbzFpaktKcHBuTmxpNTM5azZYa2xfSy1tRlkxaFJqOFl2aHJ6VTZqMUNfSWlrZXN5dlZ0VllZMDFMSXJyLUZUckxmUzFVdjdOejk3QmJISE9hQW1QMUM2N3VwZmVXSkRsVG1kWHZ2MlhMLWREMWNsUVFxN002blJLdmRzbTV5RUdkOUI0TldsOWZ0c2NhSw?oc=5\" target=\"_blank\" rel=\"nofollow noopener\">US Open : le Fran\u00e7ais Ugo Blanchet, 26 ans et 184e mondial, d\u00e9croche sa premi\u00e8re victoire en Grand Chelem<\/a>&nbsp;&nbsp;Le Figaro<\/li>\n<li><a href=\"https:\/\/news.google.com\/rss\/articles\/CBMinwJBVV95cUxNaGVLdkx4OUtVS3VzM0JKc0NhUENydE9MVmFSZ2thTGJDR2VpNUwzUGxkUUt5M3gyeUJQU0JIeXFzWG1yWXJmVDdVQ2lGSFJhN3pwY196b1R3N3YxSjZzQW9nNzdUUUd3ZXZNS0F3MjZ6dVlVbGR3clVlLXpLWUVVS3V4T2xVMU9aU0lpSkxPdDJ1N2YyQnNLNTJ2MkVLVzg5enVpbGlpR2o3UG1PRE5YZHBwUS13Y21INlZhdS1ZMW5GTGtubFA5d1JDaVJXYnpxaE01eUdUVDltRVlRYW9jbTg5c0NBOVJGYjV0MVFBYVh6QnRlUEtDbkE2N29ibWRrV1hwaGdRS0d1ZEdGeEhwUHQtVk1TYWtJZ21TQWh1TQ?oc=5\" target=\"_blank\" rel=\"nofollow noopener\">Ugo Blanchet, apr\u00e8s sa premi\u00e8re victoire en Grand Chelem : \u00ab Une fois, je suis all\u00e9 voir mes parents en leur disant : je pense qu&rsquo;on va arr\u00eater les frais \u00bb<\/a>&nbsp;&nbsp;L&rsquo;\u00c9quipe<\/li>\n<li><a href=\"https:\/\/news.google.com\/rss\/articles\/CBMixwFBVV95cUxOQkdMc2xNdW1jQ200WlR6b0V6WGdfd3ZHanFMWTBWcHlEMDU2NHVuc2NRNG1EeTYxZW50T0tTRkFwLUp6dW5fMnIxZnROUVdHc0Zid05SX01VRTRtRk1MQjBSN1lnMjVaNTI2RmdoSnJvNHFQY0VoaEItanN2R0lIM3NrOXA1bUVXa202dkotQUU2cHoxNzh1dmFxbzhOdnVld1hvc3lmNHFIYkRKX1pMTFhHc2FDZm5NVTR0OTZqSFdqS2IxeG9r0gHGAUFVX3lxTE5uaDBRUmphZUw5amRIWjlONjE5WHZFX0dOenNhcXhpX0RCcFVIQzdnek81QXE3S3JvQzI2NDZPZHVLQnFqeXB4SGFJT2NwT0dScDVwMmc0WHRhMGNkeGt0eGtqd3pUSktDUmhZb1lCVVB6LXdIeVBCTEpYRTdtUEJEaU5CZGt6RHlpdHlqZ0JRTVdNdi04S1NTV2lfWEpqWlRJRXZobjd4LWJaVWNLMUpOc2I2ZDdNWG5pc0hUT1dVT0JjSFZ4QQ?oc=5\" target=\"_blank\" rel=\"nofollow noopener\">US Open (H) : Blanchet dominer Marozsan et passe le premier tour<\/a>&nbsp;&nbsp;Orange Actualit\u00e9s | Sports<\/li>\n<li><a href=\"https:\/\/news.google.com\/rss\/articles\/CBMihAJBVV95cUxQYjV3T3lyRnhsWGRGdTFNTWs5MXRqQ0t1Zlc1TElWMEVfcUxkbVlWRmlFY3FTbmVmTERKdlZyWW93ZjEzYkp3Yl9FS0lrSi10Q3NhZGVxX3FWQVdudUpCVjdGeldDclg2MUNUbGVfRHBDRzFDU3Q0bWtDMTJGNHF5TloweFAwTU9fWWw1bkt1dHBtaHV3VHdZc1F6OC1HeHR2enVfSHBTUmpFRl9DOGFjcXFqWWFZUjJaUzZwY285MHh0WE5BTlUzNjk1d0x6MnVGZmJkRVVqVjRvSTlBcFdCMS1FMEJNRkg0NzdySGlWWkpkbzRIYXpSRVo4cmJtdHpFZkRPTQ?oc=5\" target=\"_blank\" rel=\"nofollow noopener\">US Open. Pas tir\u00e9 au sort, Arthur Cazaux n\u2019a pas \u00e9t\u00e9 rep\u00each\u00e9 pour le Grand Chelem am\u00e9ricain<\/a>&nbsp;&nbsp;Ouest-France<\/li>\n<\/ol>\n","protected":false},"excerpt":{"rendered":"Le qualifi\u00e9 Ugo Blanchet remporte son premier match en Grand Chelem contre Fabian Marozs\u00e1n au 1er tour de&hellip;\n","protected":false},"author":2,"featured_media":341557,"comment_status":"","ping_status":"","sticky":false,"template":"","format":"standard","meta":{"footnotes":""},"categories":[1415],"tags":[1011,27,60,1467],"class_list":{"0":"post-341556","1":"post","2":"type-post","3":"status-publish","4":"format-standard","5":"has-post-thumbnail","7":"category-tennis","8":"tag-fr","9":"tag-france","10":"tag-sports","11":"tag-tennis"},"share_on_mastodon":{"url":"https:\/\/pubeurope.com\/@fr\/115086203465579291","error":""},"_links":{"self":[{"href":"https:\/\/www.europesays.com\/fr\/wp-json\/wp\/v2\/posts\/341556","targetHints":{"allow":["GET"]}}],"collection":[{"href":"https:\/\/www.europesays.com\/fr\/wp-json\/wp\/v2\/posts"}],"about":[{"href":"https:\/\/www.europesays.com\/fr\/wp-json\/wp\/v2\/types\/post"}],"author":[{"embeddable":true,"href":"https:\/\/www.europesays.com\/fr\/wp-json\/wp\/v2\/users\/2"}],"replies":[{"embeddable":true,"href":"https:\/\/www.europesays.com\/fr\/wp-json\/wp\/v2\/comments?post=341556"}],"version-history":[{"count":0,"href":"https:\/\/www.europesays.com\/fr\/wp-json\/wp\/v2\/posts\/341556\/revisions"}],"wp:featuredmedia":[{"embeddable":true,"href":"https:\/\/www.europesays.com\/fr\/wp-json\/wp\/v2\/media\/341557"}],"wp:attachment":[{"href":"https:\/\/www.europesays.com\/fr\/wp-json\/wp\/v2\/media?parent=341556"}],"wp:term":[{"taxonomy":"category","embeddable":true,"href":"https:\/\/www.europesays.com\/fr\/wp-json\/wp\/v2\/categories?post=341556"},{"taxonomy":"post_tag","embeddable":true,"href":"https:\/\/www.europesays.com\/fr\/wp-json\/wp\/v2\/tags?post=341556"}],"curies":[{"name":"wp","href":"https:\/\/api.w.org\/{rel}","templated":true}]}}