{"id":341558,"date":"2025-08-24T22:55:12","date_gmt":"2025-08-24T22:55:12","guid":{"rendered":"https:\/\/www.europesays.com\/fr\/341558\/"},"modified":"2025-08-24T22:55:12","modified_gmt":"2025-08-24T22:55:12","slug":"bagnaia-plutot-content-de-ses-sensations-je-me-suis-reconnu","status":"publish","type":"post","link":"https:\/\/www.europesays.com\/fr\/341558\/","title":{"rendered":"Bagnaia \u00ab\u00a0plut\u00f4t content\u00a0\u00bb de ses sensations\u00a0: \u00ab\u00a0Je me suis reconnu\u00a0\u00bb"},"content":{"rendered":"<p>Une semaine apr\u00e8s une inqui\u00e9tante d\u00e9gringolade jusqu&rsquo;en huiti\u00e8me position au Red Bull Ring, il semble difficile de voir de v\u00e9ritables progr\u00e8s dans la neuvi\u00e8me place d\u00e9croch\u00e9e par <a href=\"https:\/\/fr.motorsport.com\/driver\/pecco-bagnaia\/109394\/\" target=\"_blank\" rel=\"noopener\">Pecco Bagnaia<\/a> au Balaton Park. Pourtant, l&rsquo;Italien quitte la Hongrie sur un sentiment positif. Contrairement \u00e0 l&rsquo;Autriche, sa course a connu une trajectoire vers le haut puisqu&rsquo;il a pu remonter dans le classement, et surtout confirmer l&rsquo;efficacit\u00e9 du <a href=\"https:\/\/fr.motorsport.com\/motogp\/news\/bagnaia-teste-gros-changement-ducati-hongrie\/10752882\/\" target=\"_blank\" rel=\"noopener\">\u00ab\u00a0gros changement\u00a0\u00bb effectu\u00e9 sur sa moto samedi<\/a>.<\/p>\n<p>Sur un circuit qui exacerbait ses difficult\u00e9s avec l&rsquo;avant de la Ducati, un bon d\u00e9part a propuls\u00e9 Bagnaia de la 13e place sur la grille \u00e0 la huiti\u00e8me \u00e0 la fin du premier tour. Il a \u00e9t\u00e9 doubl\u00e9 par <a href=\"https:\/\/fr.motorsport.com\/driver\/fabio-quartararo\/109400\/\" target=\"_blank\" rel=\"noopener\">Fabio Quartararo<\/a> mais a profit\u00e9 du <a href=\"https:\/\/fr.motorsport.com\/motogp\/news\/penalite-long-lap-definition-fonctionnement-explications\/6516270\/\" target=\"_blank\" rel=\"noopener\">long-lap<\/a> du Fran\u00e7ais, puis de la chute de <a href=\"https:\/\/fr.motorsport.com\/driver\/fermin-aldeguer\/945314\/\" target=\"_blank\" rel=\"noopener\">Ferm\u00edn Aldeguer<\/a>. Bagnaia a longtemps \u00e9t\u00e9 huiti\u00e8me mais sa course a \u00e9t\u00e9 marqu\u00e9e par deux erreurs.<\/p>\n<p>La premi\u00e8re a \u00e9t\u00e9 une chicane coup\u00e9e, ce qui lui a valu un long-lap et lui a fait perdre deux places, au profit de <a href=\"https:\/\/fr.motorsport.com\/driver\/brad-binder\/109383\/\" target=\"_blank\" rel=\"noopener\">Brad Binder<\/a> et <a href=\"https:\/\/fr.motorsport.com\/driver\/pol-espargaro\/94345\/\" target=\"_blank\" rel=\"noopener\">Pol Espargar\u00f3<\/a>. Dans le dernier tour, il a repris l&rsquo;avantage sur le Catalan avant sa seconde erreur, qui a rendu la huiti\u00e8me place \u00e0 son rival. Mais il voit du bon dans ces erreurs, puisqu&rsquo;elles \u00e9taient le fruit d&rsquo;une agressivit\u00e9 qui lui semblait jusque-l\u00e0 impossible.<\/p>\n<p>\u00ab\u00a0Je suis plut\u00f4t content, pas du r\u00e9sultat mais de mes sensations\u00a0\u00bb, a comment\u00e9 Bagnaia. \u00ab\u00a0J&rsquo;ai pu piloter ma moto et ne pas \u00eatre conduit par elle ! C&rsquo;\u00e9tait une bonne course en termes de sensations. J&rsquo;ai juste fait deux erreurs, je suis sorti large deux fois parce que je me sentais tellement bien que j&rsquo;essayais de forcer plus. C&rsquo;est la premi\u00e8re fois. J&rsquo;ai frein\u00e9 trop tard et c&rsquo;est un bon signe. Je suis content.\u00a0\u00bb<\/p>\n<p>Bagnaia a fait des progr\u00e8s en entr\u00e9e de courbe, la zone o\u00f9 il avait perdu ces sensations ces derniers mois\u00a0: \u00ab\u00a0Je dois dire qu&rsquo;aujourd&rsquo;hui, je me suis reconnu un peu plus.\u00a0\u00bb<\/p>\n<p>   <img decoding=\"async\" draggable=\"false\" src=\"https:\/\/www.europesays.com\/fr\/wp-content\/uploads\/2025\/08\/1756076112_243_francesco-bagnaia-ducati-team.jpg\" alt=\"Francesco Bagnaia, Ducati Team\" width=\"1200\" height=\"800\" loading=\"lazy\"\/> <\/p>\n<p class=\"title\">Pecco Bagnaia<\/p>\n<p class=\"photographer\">Photo de: Gold and Goose Photography \/ LAT Images \/ via Getty Images<\/p>\n<p>Si Bagnaia se permet cet optimisme, c&rsquo;est qu&rsquo;apr\u00e8s avoir plusieurs fois cru que de petites \u00e9volutions le remettaient sur la bonne voie, c&rsquo;est cette fois un changement radical qui semble porter ses fruits. Le pilote Ducati doit encore s&rsquo;y adapter mais il veut poursuivre sur cette voie.<\/p>\n<p>\u00ab\u00a0Je pense que ce n&rsquo;\u00e9tait pas un petit progr\u00e8s cette fois. C&rsquo;\u00e9tait un gros changement dans les r\u00e9glages, heureusement dans la bonne direction parce que d\u00e8s qu&rsquo;on a test\u00e9 \u00e7a, j&rsquo;ai senti que \u00e7a avait un bon potentiel. Normalement, on repartira avec ces r\u00e9glages \u00e0 Barcelone, on continuera \u00e0 travailler avec \u00e7a. On verra si ce sera meilleur mais j&rsquo;en suis assez certain.\u00a0\u00bb<\/p>\n<p>\u00ab\u00a0D\u00e9j\u00e0 hier, j&rsquo;ai commenc\u00e9 \u00e0 me sentir un peu mieux\u00a0\u00bb, a-t-il rappel\u00e9. \u00ab\u00a0Je disais que c&rsquo;\u00e9tait le premier petit progr\u00e8s que l&rsquo;on faisait dans une p\u00e9riode difficile. Aujourd&rsquo;hui, tour apr\u00e8s tour, je me sentais de mieux en mieux.\u00a0\u00bb<\/p>\n<p>\u00ab\u00a0Malheureusement, on a perdu le warm-up \u00e0 cause d&rsquo;un probl\u00e8me mais en d\u00e9but de course, je n&rsquo;avais aucune attente. Je ne pensais \u00e0 aucun r\u00e9sultat. J&rsquo;ai pris un excellent d\u00e9part, j&rsquo;ai juste essay\u00e9 de m&rsquo;habituer \u00e0 la moto. Tour apr\u00e8s tour, je me sentais mieux et dans le dernier tour, je pilotais bien ma moto, puis j&rsquo;ai juste fait une erreur au virage 5 mais sans elle, j&rsquo;aurais fait mon meilleur tour dans le dernier parce que je me sentais mieux \u00e0 chaque tour. Donc je suis content.\u00a0\u00bb<\/p>\n<p>Malgr\u00e9 cette lueur d&rsquo;espoir, Bagnaia voit encore le titre s&rsquo;\u00e9loigner un peu plus. Il accuse d\u00e9sormais 227 points de retard sur <a href=\"https:\/\/fr.motorsport.com\/driver\/marc-marquez\/92646\/\" target=\"_blank\" rel=\"noopener\">Marc M\u00e1rquez<\/a>, qui compte presque plus du double de points au <a href=\"https:\/\/fr.motorsport.com\/motogp\/news\/championnat-marquez-double-points-bagnaia\/10753060\/\" target=\"_blank\" rel=\"noopener\">championnat<\/a>.<\/p>\n<p>Lire aussi :<\/p>\n<p>Dans cet article<\/p>\n<p>Soyez le premier inform\u00e9 et souscrivez aux alertes mails pour recevoir les infos en temps r\u00e9el<\/p>\n<p>    S&rsquo;abonner aux alertes de news<\/p>\n","protected":false},"excerpt":{"rendered":"Une semaine apr\u00e8s une inqui\u00e9tante d\u00e9gringolade jusqu&rsquo;en huiti\u00e8me position au Red Bull Ring, il semble difficile de voir&hellip;\n","protected":false},"author":2,"featured_media":341559,"comment_status":"","ping_status":"","sticky":false,"template":"","format":"standard","meta":{"footnotes":""},"categories":[1413],"tags":[47801,21747,4950,1011,27,21746,1457,1456,1458,4951,60],"class_list":{"0":"post-341558","1":"post","2":"type-post","3":"status-publish","4":"format-standard","5":"has-post-thumbnail","7":"category-moto","8":"tag-bagnaia-plutu00f4t-content-de-ses-sensationsu00a0-je-me-suis-reconnu","9":"tag-balaton-park","10":"tag-ducati-team","11":"tag-fr","12":"tag-france","13":"tag-gp-de-hongrie","14":"tag-moto","15":"tag-motocycle","16":"tag-motogp","17":"tag-pecco-bagnaia","18":"tag-sports"},"share_on_mastodon":{"url":"https:\/\/pubeurope.com\/@fr\/115086211373330694","error":""},"_links":{"self":[{"href":"https:\/\/www.europesays.com\/fr\/wp-json\/wp\/v2\/posts\/341558","targetHints":{"allow":["GET"]}}],"collection":[{"href":"https:\/\/www.europesays.com\/fr\/wp-json\/wp\/v2\/posts"}],"about":[{"href":"https:\/\/www.europesays.com\/fr\/wp-json\/wp\/v2\/types\/post"}],"author":[{"embeddable":true,"href":"https:\/\/www.europesays.com\/fr\/wp-json\/wp\/v2\/users\/2"}],"replies":[{"embeddable":true,"href":"https:\/\/www.europesays.com\/fr\/wp-json\/wp\/v2\/comments?post=341558"}],"version-history":[{"count":0,"href":"https:\/\/www.europesays.com\/fr\/wp-json\/wp\/v2\/posts\/341558\/revisions"}],"wp:featuredmedia":[{"embeddable":true,"href":"https:\/\/www.europesays.com\/fr\/wp-json\/wp\/v2\/media\/341559"}],"wp:attachment":[{"href":"https:\/\/www.europesays.com\/fr\/wp-json\/wp\/v2\/media?parent=341558"}],"wp:term":[{"taxonomy":"category","embeddable":true,"href":"https:\/\/www.europesays.com\/fr\/wp-json\/wp\/v2\/categories?post=341558"},{"taxonomy":"post_tag","embeddable":true,"href":"https:\/\/www.europesays.com\/fr\/wp-json\/wp\/v2\/tags?post=341558"}],"curies":[{"name":"wp","href":"https:\/\/api.w.org\/{rel}","templated":true}]}}