{"id":341562,"date":"2025-08-24T22:57:11","date_gmt":"2025-08-24T22:57:11","guid":{"rendered":"https:\/\/www.europesays.com\/fr\/341562\/"},"modified":"2025-08-24T22:57:11","modified_gmt":"2025-08-24T22:57:11","slug":"javene-24-aout-2025-classement-de-course-cycliste","status":"publish","type":"post","link":"https:\/\/www.europesays.com\/fr\/341562\/","title":{"rendered":"Javen\u00e9 24 ao\u00fbt 2025 classement de course cycliste"},"content":{"rendered":"<p>&#13;<br \/>\n&#13;<\/p>\n<p>actu33235.<\/p>\n<p>&#13;<br \/>\n<img decoding=\"async\" loading=\"lazy\" src=\"https:\/\/www.europesays.com\/fr\/wp-content\/uploads\/2025\/04\/1745557570_747_35_route_ille_et_vilaine_hidephotojpg.jpg\" alt=\"35 Route Ille Et Vilaine hidephoto.JPG\"\/>&#13;<br \/>\n&#13;<\/p>\n<p>Classement de la course d&rsquo;ouverture du Crit\u00e9rium de Bretagne organis\u00e9e par le Guidon D\u2019Or Fougerais \u00e0 Javen\u00e9 en Ille Et Vilaine (35) le 24 ao\u00fbt 2025 pour les U17. L&rsquo;apr\u00e8s midi se d\u00e9roulait le Criterium de Bretagne pour les f\u00e9minines \u00e0 13h et pour les hommes \u00e016h.<\/p>\n<p>&#13;<br \/>\n&#13;<br \/>\n&#13;<br \/>\n&#13;<br \/>\n&#13;<br \/>\n&#13;<br \/>\n&#13;<br \/>\n&#13;<br \/>\n&#13;<br \/>\n&#13;<br \/>\n&#13;<br \/>\n&#13;<br \/>\n&#13;<br \/>\n&#13;<br \/>\n&#13;<br \/>\n&#13;<br \/>\n&#13;<br \/>\n&#13;<br \/>\nD&rsquo;autres Classements Route<img decoding=\"async\" loading=\"lazy\" src=\"https:\/\/www.europesays.com\/fr\/wp-content\/uploads\/2025\/08\/1755977771_26_st-brieuc-agglo-tour-23-et-24-aout-2024-guide-technique-00.jpg\" alt=\"St Brieuc Agglo Tour 23 et 24 ao\u00fbt 2024 guide technique 00\"\/><\/p>\n<p>dimanche 24 ao\u00fbt 2025<\/p>\n<p>St Brieuc Agglo Tour 23 et 24 ao\u00fbt 2025 classement<img decoding=\"async\" loading=\"lazy\" src=\"https:\/\/www.europesays.com\/fr\/wp-content\/uploads\/2025\/08\/1755977771_26_st-brieuc-agglo-tour-23-et-24-aout-2024-guide-technique-00.jpg\" alt=\"St Brieuc Agglo Tour 23 et 24 ao\u00fbt 2024 guide technique 00\"\/><\/p>\n<p>dimanche 24 ao\u00fbt 2025<\/p>\n<p>St Brieuc Agglo Tour 24 ao\u00fbt 2025 E2 classement<img decoding=\"async\" loading=\"lazy\" src=\"https:\/\/www.europesays.com\/fr\/wp-content\/uploads\/2025\/08\/1755977771_26_st-brieuc-agglo-tour-23-et-24-aout-2024-guide-technique-00.jpg\" alt=\"St Brieuc Agglo Tour 23 et 24 ao\u00fbt 2024 guide technique 00\"\/><\/p>\n<p>dimanche 24 ao\u00fbt 2025<\/p>\n<p>St Brieuc Agglo Tour 24 ao\u00fbt 2025 E3 classement&#13;<br \/>\n&#13;<\/p>\n","protected":false},"excerpt":{"rendered":"&#13; &#13; actu33235. &#13; &#13; &#13; Classement de la course d&rsquo;ouverture du Crit\u00e9rium de Bretagne organis\u00e9e par le&hellip;\n","protected":false},"author":2,"featured_media":50939,"comment_status":"","ping_status":"","sticky":false,"template":"","format":"standard","meta":{"footnotes":""},"categories":[1411],"tags":[1154,207,1011,27,60],"class_list":{"0":"post-341562","1":"post","2":"type-post","3":"status-publish","4":"format-standard","5":"has-post-thumbnail","7":"category-cyclisme","8":"tag-cycling","9":"tag-cyclisme","10":"tag-fr","11":"tag-france","12":"tag-sports"},"share_on_mastodon":{"url":"https:\/\/pubeurope.com\/@fr\/115086219331703638","error":""},"_links":{"self":[{"href":"https:\/\/www.europesays.com\/fr\/wp-json\/wp\/v2\/posts\/341562","targetHints":{"allow":["GET"]}}],"collection":[{"href":"https:\/\/www.europesays.com\/fr\/wp-json\/wp\/v2\/posts"}],"about":[{"href":"https:\/\/www.europesays.com\/fr\/wp-json\/wp\/v2\/types\/post"}],"author":[{"embeddable":true,"href":"https:\/\/www.europesays.com\/fr\/wp-json\/wp\/v2\/users\/2"}],"replies":[{"embeddable":true,"href":"https:\/\/www.europesays.com\/fr\/wp-json\/wp\/v2\/comments?post=341562"}],"version-history":[{"count":0,"href":"https:\/\/www.europesays.com\/fr\/wp-json\/wp\/v2\/posts\/341562\/revisions"}],"wp:featuredmedia":[{"embeddable":true,"href":"https:\/\/www.europesays.com\/fr\/wp-json\/wp\/v2\/media\/50939"}],"wp:attachment":[{"href":"https:\/\/www.europesays.com\/fr\/wp-json\/wp\/v2\/media?parent=341562"}],"wp:term":[{"taxonomy":"category","embeddable":true,"href":"https:\/\/www.europesays.com\/fr\/wp-json\/wp\/v2\/categories?post=341562"},{"taxonomy":"post_tag","embeddable":true,"href":"https:\/\/www.europesays.com\/fr\/wp-json\/wp\/v2\/tags?post=341562"}],"curies":[{"name":"wp","href":"https:\/\/api.w.org\/{rel}","templated":true}]}}