{"id":341563,"date":"2025-08-24T22:58:10","date_gmt":"2025-08-24T22:58:10","guid":{"rendered":"https:\/\/www.europesays.com\/fr\/341563\/"},"modified":"2025-08-24T22:58:10","modified_gmt":"2025-08-24T22:58:10","slug":"lassine-sinayoko-bloque-par-laj-auxerre-pierre-sage-hausse-le-ton","status":"publish","type":"post","link":"https:\/\/www.europesays.com\/fr\/341563\/","title":{"rendered":"Lassine Sinayoko bloqu\u00e9 par l\u2019AJ Auxerre, Pierre Sage hausse le ton"},"content":{"rendered":"<p><strong>L\u2019arriv\u00e9e de Lassine Sinayoko au RC Lens a pris un sacr\u00e9 coup, \u00e9tant donn\u00e9 que l\u2019AJ Auxerre n\u2019a pas autoris\u00e9 son attaquant \u00e0 se rendre dans l\u2019Artois.<\/strong><\/p>\n<p>Le RC Lens pensait tenir <a href=\"http:\/\/butfootballclub.fr\/ligue-1\/rc-lens\/rc-lens-mercato-accord-total-pour-le-transfert-de-sinayoko\/\" rel=\"noreferrer noopener\" target=\"_blank\">son nouvel attaquant, Lassine Sinayoko<\/a>. Un accord oral avait \u00e9t\u00e9 conclu vendredi dernier, apr\u00e8s le d\u00e9placement de son directeur sportif Jean-Louis Leca \u00e0 Auxerre. \u00c0 l\u2019issue de cette rencontre, un draft avait m\u00eame \u00e9t\u00e9 r\u00e9dig\u00e9 par l\u2019AJA autour de trois points : une indemnit\u00e9 de 6,5 M\u20ac (+1,5 M\u20ac de bonus) vers\u00e9e par Lens pour racheter la derni\u00e8re ann\u00e9e de contrat du joueur, la possibilit\u00e9 pour Auxerre d\u2019aligner le joueur une derni\u00e8re fois \u00e0 Nice, et l\u2019engagement de la direction auxerroise de signer le document avant ce d\u00e9placement.<\/p>\n<p>Les dirigeants lensois sid\u00e9r\u00e9s<\/p>\n<p>Forts de ce cadre, les dirigeants lensois attendaient l\u2019international malien dimanche pour la visite m\u00e9dicale pr\u00e9alable \u00e0 la signature d\u2019un contrat de quatre ans. Mais Sinayoko ne s\u2019est jamais pr\u00e9sent\u00e9. Son excuse ? Il n\u2019a jamais re\u00e7u l\u2019autorisation de ses dirigeants de se rendre dans l\u2019Artois, comme le rapporte <a href=\"https:\/\/www.lequipe.fr\/Football\/Article\/Retenu-par-auxerre-lassine-sinayoko-ne-s-est-pas-rendu-a-lens-ce-dimanche\/1587293\" rel=\"noreferrer noopener\" target=\"_blank\">L\u2019\u00c9quipe<\/a><\/p>\n<p>Dimanche matin, Auxerre a justifi\u00e9 sa volte-face en expliquant que tous les d\u00e9tails autour du transfert n\u2019avaient pas \u00e9t\u00e9 r\u00e9gl\u00e9s, y compris avec l\u2019entourage du joueur. Une version qui a sid\u00e9r\u00e9 le board lensois, persuad\u00e9 d\u2019avoir verrouill\u00e9 l\u2019essentiel. L\u2019AJA nie m\u00eame l\u2019existence du point 3 du draft, celui concernant l\u2019engagement de signature avant Nice.<\/p>\n<p>Sinayoko pas contre rester \u00e0 Auxerre<\/p>\n<p>En coulisses, certains avancent que l\u2019entra\u00eeneur auxerrois <a href=\"http:\/\/butfootballclub.fr\/ligue-1\/rc-lens\/rc-lens-mercato-pelissier-aj-auxerre-veut-torpiller-le-deal-pour-sinayoko\/\" rel=\"noreferrer noopener\" target=\"_blank\">Christophe Pelissier aurait tout fait pour garder son attaquant<\/a>. \u00ab J\u2019ai simplement dit que je souhaitais garder un de mes meilleurs joueurs. La suite appartient au propri\u00e9taire (James Zhou). C\u2019est lui qui prendra la d\u00e9cision finale \u00bb, a r\u00e9pliqu\u00e9 l\u2019int\u00e9ress\u00e9 par WhatsApp.<\/p>\n<p>Et du c\u00f4t\u00e9 du joueur ? S\u00e9duit par le projet lensois, Sinayoko n\u2019a pas non plus l\u2019air de faire une fixation. Dimanche, il aurait m\u00eame confi\u00e9 \u00e0 certains co\u00e9quipiers son attachement \u00e0 l\u2019AJA et sa conviction que son repositionnement dans l\u2019axe pouvait l\u2019aider \u00e0 viser des \u00e9curies d\u2019un plus gros calibre si les stats suivent.<\/p>\n<p>Pierre Sage contre-attaque<\/p>\n<p>Un gros coup dur pour le RC Lens et Pierre Sage, <a href=\"https:\/\/www.lequipe.fr\/Football\/Actualites\/Pierre-sage-l-entraineur-de-lens-tacle-auxerre-sur-le-cas-lassine-sinayoko-les-ecrits-restent-donc-il-s-agit-de-les-respecter\/1587324\" rel=\"noreferrer noopener\" target=\"_blank\">qui ne s\u2019est pas g\u00ean\u00e9 pour tacler Auxerre<\/a> apr\u00e8s le succ\u00e8s face au Havre ce dimanche (1-2). \u00ab\u00a0Un attaquant ? Normalement, on l\u2019a trouv\u00e9, si les engagements \u00e9crits sont respect\u00e9s et je dis bien \u00e9crits. Alors on devrait l\u2019avoir trouv\u00e9.\u00a0\u00bb Concernant l\u2019arriv\u00e9e pr\u00e9vue de Sinayoko, Sage a ajout\u00e9 : \u00ab Peut-\u00eatre ce soir. D\u00e9j\u00e0 les dirigeants ont fait tout ce qu\u2019il fallait, ont fait les proc\u00e9dures demand\u00e9es, donc les documents sont \u00e9crits. Les \u00e9crits restent, donc il s\u2019agit de les respecter. \u00bb<\/p>\n","protected":false},"excerpt":{"rendered":"L\u2019arriv\u00e9e de Lassine Sinayoko au RC Lens a pris un sacr\u00e9 coup, \u00e9tant donn\u00e9 que l\u2019AJ Auxerre n\u2019a&hellip;\n","protected":false},"author":2,"featured_media":341564,"comment_status":"","ping_status":"","sticky":false,"template":"","format":"standard","meta":{"footnotes":""},"categories":[1410],"tags":[11,448,63,1011,27,66,3388,12,60,10662],"class_list":{"0":"post-341563","1":"post","2":"type-post","3":"status-publish","4":"format-standard","5":"has-post-thumbnail","7":"category-football","8":"tag-actualites","9":"tag-champions-league","10":"tag-football","11":"tag-fr","12":"tag-france","13":"tag-ligue-1","14":"tag-matchs","15":"tag-news","16":"tag-sports","17":"tag-transferts"},"share_on_mastodon":{"url":"https:\/\/pubeurope.com\/@fr\/115086223306314684","error":""},"_links":{"self":[{"href":"https:\/\/www.europesays.com\/fr\/wp-json\/wp\/v2\/posts\/341563","targetHints":{"allow":["GET"]}}],"collection":[{"href":"https:\/\/www.europesays.com\/fr\/wp-json\/wp\/v2\/posts"}],"about":[{"href":"https:\/\/www.europesays.com\/fr\/wp-json\/wp\/v2\/types\/post"}],"author":[{"embeddable":true,"href":"https:\/\/www.europesays.com\/fr\/wp-json\/wp\/v2\/users\/2"}],"replies":[{"embeddable":true,"href":"https:\/\/www.europesays.com\/fr\/wp-json\/wp\/v2\/comments?post=341563"}],"version-history":[{"count":0,"href":"https:\/\/www.europesays.com\/fr\/wp-json\/wp\/v2\/posts\/341563\/revisions"}],"wp:featuredmedia":[{"embeddable":true,"href":"https:\/\/www.europesays.com\/fr\/wp-json\/wp\/v2\/media\/341564"}],"wp:attachment":[{"href":"https:\/\/www.europesays.com\/fr\/wp-json\/wp\/v2\/media?parent=341563"}],"wp:term":[{"taxonomy":"category","embeddable":true,"href":"https:\/\/www.europesays.com\/fr\/wp-json\/wp\/v2\/categories?post=341563"},{"taxonomy":"post_tag","embeddable":true,"href":"https:\/\/www.europesays.com\/fr\/wp-json\/wp\/v2\/tags?post=341563"}],"curies":[{"name":"wp","href":"https:\/\/api.w.org\/{rel}","templated":true}]}}