{"id":341567,"date":"2025-08-24T23:00:23","date_gmt":"2025-08-24T23:00:23","guid":{"rendered":"https:\/\/www.europesays.com\/fr\/341567\/"},"modified":"2025-08-24T23:00:23","modified_gmt":"2025-08-24T23:00:23","slug":"les-toiles-dalice-subliment-pleneuf-val-andre","status":"publish","type":"post","link":"https:\/\/www.europesays.com\/fr\/341567\/","title":{"rendered":"les toiles d&rsquo;Alice subliment Pl\u00e9neuf Val-Andr\u00e9"},"content":{"rendered":"<p>            Par<br \/>\n        <strong><br \/>\n            <a href=\"https:\/\/actu.fr\/auteur\/maelys-trimoreau02-actu-fr\" title=\"Consulter tous les articles de Maelys Trimoreau\" rel=\"nofollow noopener\" target=\"_blank\">Maelys Trimoreau<\/a><br \/>\n        <\/strong><\/p>\n<p>        Publi\u00e9 le<\/p>\n<p>            23 ao\u00fbt 2025 \u00e0 19h36        <\/p>\n<p>Alice Roy est peintre depuis plus de 10 ans. Habitante de <a href=\"https:\/\/actu.fr\/bretagne\/pleneuf-val-andre_22186\" rel=\"nofollow noopener\" target=\"_blank\">Pl\u00e9neuf-Val-Andr\u00e9 (C\u00f4tes-d\u2019Armor)<\/a>, ville dans laquelle elle a grandi, elle s\u2019inspire des paysages de la <b>station baln\u00e9aire<\/b>.<\/p>\n<p class=\" wall-content\">Du 5 ao\u00fbt au 21 septembre 2025, elle expose ses \u0153uvres \u00e0 la <b>Galerie du moulin de Dahou\u00ebt<\/b>.<\/p>\n<p>Une Bretonne de naissance<\/p>\n<p class=\" wall-content\">\u00c0 l\u2019origine, si Alice est arriv\u00e9e en Bretagne, c\u2019est gr\u00e2ce \u00e0 sa famille.<\/p>\n<blockquote class=\"ac-article-quote wall-content\">\n<p>Mon arri\u00e8re-grand-p\u00e8re avait une maison de vacances, dans laquelle mes parents ont continu\u00e9 d\u2019aller. Moi je suis n\u00e9e ici.<\/p>\n<p>Alice Roy<\/p><\/blockquote>\n<p class=\" wall-content\">D\u00e8s le plus jeune \u00e2ge, Alice s\u2019essaye \u00e0 diff\u00e9rentes<b> formes d\u2019art.<\/b><\/p>\n<p class=\" wall-content\">Elle se forme m\u00eame \u00e0 l\u2019<a href=\"https:\/\/www.ecole-pivaut.fr\/campus\/nantes\/?utm_term=%C3%A9cole%20pivaut%20nantes&amp;utm_campaign=ASUC+-+Search+-+%C3%89cole+Pivaut&amp;utm_source=adwords&amp;utm_medium=ppc&amp;hsa_acc=5152905557&amp;hsa_cam=20820080055&amp;hsa_grp=187012210012&amp;hsa_ad=761322395418&amp;hsa_src=g&amp;hsa_tgt=kwd-343086955422&amp;hsa_kw=%C3%A9cole%20pivaut%20nantes&amp;hsa_mt=e&amp;hsa_net=adwords&amp;hsa_ver=3&amp;gad_source=1&amp;gad_campaignid=20820080055&amp;gbraid=0AAAAADsqExbtvyCYoqnX1Jk9Y0vgDhDWZ&amp;gclid=Cj0KCQjw5JXFBhCrARIsAL1ckPsh_mqozvFhuDbjZrYwZeT5d4Fm6WgRK_8paiyCkIL2Sdef3G58lfEaAr3eEALw_wcB\" rel=\"nofollow noopener\" target=\"_blank\">\u00c9cole Pivaut de Nantes<\/a> pour devenir <b>graphiste publicitaire<\/b>, un m\u00e9tier qu\u2019elle n\u2019exercera jamais.<\/p>\n<p>Vid\u00e9os : en ce moment sur Actu<\/p>\n<p class=\" wall-content\">Aujourd\u2019hui, elle vit de la peinture et expose ses <b>tableaux<\/b>, actuellement visibles \u00e0 la Galerie du moulin de Dahou\u00ebt.<\/p>\n<p>Votre r\u00e9gion, votre actu !<\/p>\n<p>Recevez chaque jour les infos qui comptent pour vous.<\/p>\n<p>\t<a href=\"https:\/\/actu.fr\/newsletter\" class=\"ac-btn ac-btn--corner ac-btn--medium ac-btn--blue800\" rel=\"nofollow noopener\" target=\"_blank\">S&rsquo;incrire<\/a><br \/>\nPl\u00e9neuf autrement<\/p>\n<p class=\" wall-content\">Alice Roy s\u2019inspire de ce qu\u2019elle <b>voit <\/b>et de ce qu\u2019elle <b>vit<\/b>. \u00ab Je peins mon point de vue \u00e0 moi, j\u2019essaye d\u2019apporter un regard diff\u00e9rent sur ce lieu de notre quotidien \u00bb, d\u00e9taille-t-elle.<\/p>\n<p class=\" wall-content\">Ce qui relie ses tableaux : la <b>profondeur et la lumi\u00e8re<\/b>. Une lumi\u00e8re plut\u00f4t vive, qui fait ressortir des couleurs gaies, et surtout, qui existe vraiment.<\/p>\n<blockquote class=\"ac-article-quote wall-content\">\n<p>On a cette lumi\u00e8re le matin ou le soir essentiellement, sur les plages comme celle du Val-Andr\u00e9.<\/p>\n<p>Alice Roy<\/p><\/blockquote>\n<p class=\" wall-content\">On retrouve dans ces couleurs,<b> l\u2019atmosph\u00e8re paisible<\/b> de Pl\u00e9neuf.<\/p>\n<p class=\" wall-content\">Et ses paysages sont <b>intemporels<\/b>. \u00ab C\u2019est aussi les lieux qui s\u2019y pr\u00eatent. Les villes des C\u00f4tes-d\u2019Armor ne sont pas tr\u00e8s ab\u00eem\u00e9es. \u00bb<\/p>\n<p class=\" wall-content\">Elle omet volontairement des d\u00e9tails <b>identifiables du temps<\/b> pour maintenir cette illusion.<\/p>\n<p>Des peintures en acrylique<\/p>\n<p class=\" wall-content\">Ses toiles sont r\u00e9alis\u00e9es avec de la peinture <b>acrylique<\/b>. Mais pas n\u2019importe laquelle, et c\u2019est ce qui fait toute la diff\u00e9rence.<\/p>\n<p class=\" wall-content\">Elle utilise une peinture acrylique <b>grasse<\/b>, <b>huileuse<\/b> qui donne l\u2019illusion d\u2019une peinture \u00e0 l\u2019huile.<\/p>\n<p class=\" wall-content\">\u00ab C\u2019est un outil qui permet d\u2019avoir des couleurs tr\u00e8s pigment\u00e9es \u00bb, explique-t-elle.<\/p>\n<p>Galerie du moulin de Dahou\u00ebt. 3, rue du Pont Neuf, \u00e0 Pl\u00e9neuf-Val-Andr\u00e9. T\u00e9l. 06 70 36 12 62.<\/p>\n<p class=\" wall-content\">Personnalisez votre actualit\u00e9 en ajoutant vos villes et m\u00e9dias en favori avec <a href=\"https:\/\/moncompte.actu.fr\" title=\"D\u00e9couvez Mon Actu\" rel=\"nofollow noopener\" data-trk=\"{&quot;cta&quot;:{&quot;action&quot;:&quot;https:\\\/\\\/moncompte.actu.fr&quot;,&quot;category&quot;:&quot;mon compte&quot;,&quot;from&quot;:&quot;article footer&quot;,&quot;name&quot;:&quot;Mon actu&quot;,&quot;type&quot;:&quot;cta&quot;}}\" target=\"_blank\">Mon Actu<\/a>.<\/p>\n","protected":false},"excerpt":{"rendered":"Par Maelys Trimoreau Publi\u00e9 le 23 ao\u00fbt 2025 \u00e0 19h36 Alice Roy est peintre depuis plus de 10&hellip;\n","protected":false},"author":2,"featured_media":341568,"comment_status":"","ping_status":"","sticky":false,"template":"","format":"standard","meta":{"footnotes":""},"categories":[1358],"tags":[1348,1384,1385,1386,58,59,1011,27,1652],"class_list":{"0":"post-341567","1":"post","2":"type-post","3":"status-publish","4":"format-standard","5":"has-post-thumbnail","7":"category-arts-et-design","8":"tag-arts","9":"tag-arts-and-design","10":"tag-arts-et-design","11":"tag-design","12":"tag-divertissement","13":"tag-entertainment","14":"tag-fr","15":"tag-france","16":"tag-loisirs-culture"},"share_on_mastodon":{"url":"https:\/\/pubeurope.com\/@fr\/115086231217401683","error":""},"_links":{"self":[{"href":"https:\/\/www.europesays.com\/fr\/wp-json\/wp\/v2\/posts\/341567","targetHints":{"allow":["GET"]}}],"collection":[{"href":"https:\/\/www.europesays.com\/fr\/wp-json\/wp\/v2\/posts"}],"about":[{"href":"https:\/\/www.europesays.com\/fr\/wp-json\/wp\/v2\/types\/post"}],"author":[{"embeddable":true,"href":"https:\/\/www.europesays.com\/fr\/wp-json\/wp\/v2\/users\/2"}],"replies":[{"embeddable":true,"href":"https:\/\/www.europesays.com\/fr\/wp-json\/wp\/v2\/comments?post=341567"}],"version-history":[{"count":0,"href":"https:\/\/www.europesays.com\/fr\/wp-json\/wp\/v2\/posts\/341567\/revisions"}],"wp:featuredmedia":[{"embeddable":true,"href":"https:\/\/www.europesays.com\/fr\/wp-json\/wp\/v2\/media\/341568"}],"wp:attachment":[{"href":"https:\/\/www.europesays.com\/fr\/wp-json\/wp\/v2\/media?parent=341567"}],"wp:term":[{"taxonomy":"category","embeddable":true,"href":"https:\/\/www.europesays.com\/fr\/wp-json\/wp\/v2\/categories?post=341567"},{"taxonomy":"post_tag","embeddable":true,"href":"https:\/\/www.europesays.com\/fr\/wp-json\/wp\/v2\/tags?post=341567"}],"curies":[{"name":"wp","href":"https:\/\/api.w.org\/{rel}","templated":true}]}}