{"id":341569,"date":"2025-08-24T23:01:35","date_gmt":"2025-08-24T23:01:35","guid":{"rendered":"https:\/\/www.europesays.com\/fr\/341569\/"},"modified":"2025-08-24T23:01:35","modified_gmt":"2025-08-24T23:01:35","slug":"lectures-fraichement-arrives-chez-le-libraire","status":"publish","type":"post","link":"https:\/\/www.europesays.com\/fr\/341569\/","title":{"rendered":"Lectures | Fra\u00eechement arriv\u00e9s chez le libraire"},"content":{"rendered":"<p class=\"lead textModule textModule--type-lead \" style=\"\">Parmi tous les livres qui sont arriv\u00e9s r\u00e9cemment en librairie, en voici quelques-uns qui ont attir\u00e9 notre attention.<\/p>\n<p>                    Publi\u00e9 \u00e0 7\u00a0h\u00a000<\/p>\n<p>    <a class=\"print\" href=\"https:\/\/www.lapresse.ca\/arts\/litterature\/2025-08-24\/lectures\/javascript:window.print();\" title=\"Imprimer la page\" rel=\"nofollow noopener\" target=\"_blank\"><\/p>\n<p>        <img loading=\"lazy\" decoding=\"async\" width=\"16\" height=\"18\" src=\"https:\/\/www.europesays.com\/fr\/wp-content\/uploads\/2025\/04\/share-icon.png\" alt=\"Partager\"\/><\/p>\n<p>                    Je vous d\u00e9die mon silence, Mario Vargas Llosa<\/p>\n<p class=\"paragraph textModule textModule--type-paragraph \" style=\"\">C\u2019est le dernier roman de l\u2019\u00e9crivain et Prix Nobel p\u00e9ruvien, mort le printemps dernier. Mario Vargas Llosa y raconte l\u2019histoire d\u2019un musicologue qui se rend jusque dans les Andes, sur les traces des origines d\u2019un guitariste brusquement disparu. Et il nous offre ainsi un hommage posthume aux musiques traditionnelles de son pays.<\/p>\n<p>\t\t<img decoding=\"async\" src=\"https:\/\/www.europesays.com\/fr\/wp-content\/uploads\/2025\/08\/77db24bae644313a86dc47a86e224260.jpg\" alt=\"Je vous d\u00e9die mon silence \" itemprop=\"image\"\/><\/p>\n<p class=\"reviewModule__title name\" itemprop=\"name\">Je vous d\u00e9die mon silence <\/p>\n<p class=\"reviewModule__author\" itemprop=\"author\" itemscope=\"\" itemtype=\"https:\/\/schema.org\/Person\">Mario Vargas Llosa (traduit de l\u2019espagnol par Albert Bensoussan et Daniel Lefort) <\/p>\n<p class=\"reviewModule__publisher\" itemprop=\"publisher\" itemscope=\"\" itemtype=\"https:\/\/schema.org\/Organization\">Gallimard  <\/p>\n<p class=\"reviewModule__pageCount\">288 pages<\/p>\n<p>                    Tenebr\u00e6, David Lagercrantz<\/p>\n<p class=\"paragraph textModule textModule--type-paragraph \" style=\"\">Il s\u2019agit de la troisi\u00e8me enqu\u00eate avec la polici\u00e8re Micaela Vargas et le professeur Hans Rekke, une s\u00e9rie polici\u00e8re su\u00e9doise amorc\u00e9e avec Obscuritas, de l\u2019auteur qui a sign\u00e9 la suite de la saga Mill\u00e9nium. Les enqu\u00eateurs se penchent sur une affaire class\u00e9e\u00a0\u2013 le meurtre d\u2019une femme en Espagne, 20\u00a0ans plus t\u00f4t\u00a0\u2013 et d\u00e9couvrent d\u2019autres crimes semblables qui les m\u00e8nent sur la piste d\u2019un assassin pr\u00eat \u00e0 frapper de nouveau.<\/p>\n<p>\t\t<img decoding=\"async\" src=\"https:\/\/www.europesays.com\/fr\/wp-content\/uploads\/2025\/08\/2bffbf87f6133dabb7f99b0019df92a3.jpg\" alt=\"Tenebr\u00e6 \" itemprop=\"image\"\/><\/p>\n<p class=\"reviewModule__title name\" itemprop=\"name\">Tenebr\u00e6 <\/p>\n<p class=\"reviewModule__author\" itemprop=\"author\" itemscope=\"\" itemtype=\"https:\/\/schema.org\/Person\">David Lagercrantz (traduit du su\u00e9dois par R\u00e9mi Cassaigne) <\/p>\n<p class=\"reviewModule__publisher\" itemprop=\"publisher\" itemscope=\"\" itemtype=\"https:\/\/schema.org\/Organization\">Harper Collins <\/p>\n<p class=\"reviewModule__pageCount\">378 pages<\/p>\n<p>                    Les Berlinoises, Inga Vesper<\/p>\n<p class=\"paragraph textModule textModule--type-paragraph \" style=\"\">Inga Vesper est l\u2019autrice du roman Un long, si long apr\u00e8s-midi, qui a connu un grand succ\u00e8s. Dans son nouveau titre, elle nous entra\u00eene \u00e0 Berlin, en\u00a01946. Tandis que la ville d\u00e9truite est occup\u00e9e par les Alli\u00e9s, sept femmes d\u00e9cident de se reconstruire et de se trouver un nouvel avenir.<\/p>\n<p>\t\t<img decoding=\"async\" src=\"https:\/\/www.europesays.com\/fr\/wp-content\/uploads\/2025\/08\/55a9d9ec60a43f99bd053903ce5497fb.jpg\" alt=\"Les Berlinoises\" itemprop=\"image\"\/><\/p>\n<p class=\"reviewModule__title name\" itemprop=\"name\">Les Berlinoises<\/p>\n<p class=\"reviewModule__author\" itemprop=\"author\" itemscope=\"\" itemtype=\"https:\/\/schema.org\/Person\">Inga Vesper (traduit de l\u2019anglais par Thomas Leclere) <\/p>\n<p class=\"reviewModule__publisher\" itemprop=\"publisher\" itemscope=\"\" itemtype=\"https:\/\/schema.org\/Organization\">De la Martini\u00e8re <\/p>\n<p class=\"reviewModule__pageCount\">397 pages<\/p>\n<p>                    Un week-end \u00e0 Nantucket, Elin Hilderbrand<\/p>\n<p class=\"paragraph textModule textModule--type-paragraph \" style=\"\">Voil\u00e0 une lecture id\u00e9ale pour prolonger l\u2019\u00e9t\u00e9 sous le soleil de Nantucket, o\u00f9 cinq femmes se r\u00e9unissent pour passer un week-end inoubliable. Mais entre les secrets des unes et les probl\u00e8mes des autres, leur fin de semaine prend une tournure inattendue. \u00c0 noter que ce roman ainsi que les pr\u00e9c\u00e9dents de l\u2019autrice \u00e0 Nantucket sont en cours d\u2019adaptation en s\u00e9rie avec Jennifer Garner.<\/p>\n<p>\t\t<img decoding=\"async\" src=\"https:\/\/www.europesays.com\/fr\/wp-content\/uploads\/2025\/08\/5ca8934cc177338187b88a848237c1d9.jpg\" alt=\"Un week-end \u00e0 Nantucket \" itemprop=\"image\"\/><\/p>\n<p class=\"reviewModule__title name\" itemprop=\"name\">Un week-end \u00e0 Nantucket <\/p>\n<p class=\"reviewModule__author\" itemprop=\"author\" itemscope=\"\" itemtype=\"https:\/\/schema.org\/Person\">Elin Hilderbrand (traduit de l\u2019anglais par Alice Delarbre) <\/p>\n<p class=\"reviewModule__publisher\" itemprop=\"publisher\" itemscope=\"\" itemtype=\"https:\/\/schema.org\/Organization\">Les Escales <\/p>\n<p class=\"reviewModule__pageCount\">436 pages<\/p>\n<p>                    Voici demain, Valentin Musso<\/p>\n<p class=\"paragraph textModule textModule--type-paragraph \" style=\"\">Ce thriller psychologique de Valentin Musso est camp\u00e9 dans une ferme isol\u00e9e au pied des Pyr\u00e9n\u00e9es, o\u00f9 Chlo\u00e9, Paul et Mathieu vivent en symbiose avec la nature. Lorsqu\u2019un \u00e9v\u00e8nement inattendu survient, leur quotidien se transforme petit \u00e0 petit en cauchemar.<\/p>\n<p>\t\t<img decoding=\"async\" src=\"https:\/\/www.europesays.com\/fr\/wp-content\/uploads\/2025\/08\/c9222f319fd230968ee363a0b9b1a869.jpg\" alt=\"Voici demain  \" itemprop=\"image\"\/><\/p>\n<p class=\"reviewModule__title name\" itemprop=\"name\">Voici demain  <\/p>\n<p class=\"reviewModule__author\" itemprop=\"author\" itemscope=\"\" itemtype=\"https:\/\/schema.org\/Person\">Valentin Musso <\/p>\n<p class=\"reviewModule__publisher\" itemprop=\"publisher\" itemscope=\"\" itemtype=\"https:\/\/schema.org\/Organization\">Julliard <\/p>\n<p class=\"reviewModule__pageCount\">251 pages<\/p>\n<p>                    Et si la vie triomphait, Helga Flatland<\/p>\n<p class=\"paragraph textModule textModule--type-paragraph \" style=\"\">Helga Flatland est une jeune autrice norv\u00e9gienne traduite dans une dizaine de langues, qui a notamment sign\u00e9 le roman \u00e0 succ\u00e8s Une famille moderne. Elle aborde ici les questions de perte et de survie, \u00e0 travers l\u2019histoire de trois jeunes hommes partis combattre en Afghanistan et tu\u00e9s par une bombe, et leurs proches rest\u00e9s au village.<\/p>\n<p>\t\t<img decoding=\"async\" src=\"https:\/\/www.europesays.com\/fr\/wp-content\/uploads\/2025\/08\/a8714d4be00437b889fca124938b1901.jpg\" alt=\"Et si la vie triomphait \" itemprop=\"image\"\/><\/p>\n<p class=\"reviewModule__title name\" itemprop=\"name\">Et si la vie triomphait <\/p>\n<p class=\"reviewModule__author\" itemprop=\"author\" itemscope=\"\" itemtype=\"https:\/\/schema.org\/Person\">Helga Flatland (traduit du norv\u00e9gien par Dominique Kristensen) <\/p>\n<p class=\"reviewModule__publisher\" itemprop=\"publisher\" itemscope=\"\" itemtype=\"https:\/\/schema.org\/Organization\">L\u2019aube <\/p>\n<p class=\"reviewModule__pageCount\">265 pages<\/p>\n<p>                    Imp\u00e9ratrice des airs, Pete Fromm<\/p>\n<p class=\"paragraph textModule textModule--type-paragraph \" style=\"\">Pete Fromm nous fait voyager des paysages sauvages du Montana aux lacs de l\u2019Ouest canadien, avec l\u2019histoire de deux amies. \u00c9lev\u00e9es par leurs p\u00e8res, elles se questionnent sur leurs origines et d\u00e9cident, \u00e0 l\u2019aube de l\u2019\u00e2ge adulte, de partir en qu\u00eate de r\u00e9ponses.<\/p>\n<p>\t\t<img decoding=\"async\" src=\"https:\/\/www.europesays.com\/fr\/wp-content\/uploads\/2025\/08\/27228772b35b3f7d911530cb1fa462b1.jpg\" alt=\"Imp\u00e9ratrice des airs \" itemprop=\"image\"\/><\/p>\n<p class=\"reviewModule__title name\" itemprop=\"name\">Imp\u00e9ratrice des airs <\/p>\n<p class=\"reviewModule__author\" itemprop=\"author\" itemscope=\"\" itemtype=\"https:\/\/schema.org\/Person\">Pete Fromm (traduit de l\u2019anglais par Juliane Nivelt) <\/p>\n<p class=\"reviewModule__publisher\" itemprop=\"publisher\" itemscope=\"\" itemtype=\"https:\/\/schema.org\/Organization\">Gallmeister <\/p>\n<p class=\"reviewModule__pageCount\">428 pages<\/p>\n<p>                    La r\u00e9surrection du pire, Ang\u00e9lina Delcroix<\/p>\n<p class=\"paragraph textModule textModule--type-paragraph \" style=\"\">Ang\u00e9lina Delcroix\u00a0a re\u00e7u l\u2019an dernier le prix Cognac du meilleur roman francophone pour\u00a0M\u00e9moires d\u2019un expert psychiatre. Dans ce polar, un projet exp\u00e9rimental permet d\u2019exiler des d\u00e9tenus dangereux sur une \u00eele. Mais lorsque quatre d\u2019entre eux s\u2019\u00e9chappent et regagnent le continent pour se venger, la psychocriminologue Chlo\u00e9 Mesnil et l\u2019adjudante Joy Morel doivent tenter d\u2019\u00e9viter le pire.<\/p>\n<p>\t\t<img decoding=\"async\" src=\"https:\/\/www.europesays.com\/fr\/wp-content\/uploads\/2025\/08\/471788f558d83a2f93ce4d93c4d13421.jpg\" alt=\"La r\u00e9surrection du pire \" itemprop=\"image\"\/><\/p>\n<p class=\"reviewModule__title name\" itemprop=\"name\">La r\u00e9surrection du pire <\/p>\n<p class=\"reviewModule__author\" itemprop=\"author\" itemscope=\"\" itemtype=\"https:\/\/schema.org\/Person\">Ang\u00e9lina Delcroix <\/p>\n<p class=\"reviewModule__publisher\" itemprop=\"publisher\" itemscope=\"\" itemtype=\"https:\/\/schema.org\/Organization\">Hugo  <\/p>\n<p class=\"reviewModule__pageCount\">424 pages<\/p>\n<p>                    Les \u00e9veill\u00e9es, \u00c9ric Giacometti<\/p>\n<p class=\"paragraph textModule textModule--type-paragraph \" style=\"\">Tandis que le coauteur de sa s\u00e9rie avec Antoine Marcas, Jacques Ravenne, vient de publier en solo le roman historique Les ressuscit\u00e9s, situ\u00e9 dans un Paris m\u00e9di\u00e9val et dans lequel il d\u00e9voile des secrets de la famille royale, \u00c9ric Giacometti s\u2019est plong\u00e9 de son c\u00f4t\u00e9 dans ceux de la chapelle Sixtine. Il nous emm\u00e8ne ainsi de Rome \u00e0 Paris en passant par un site arch\u00e9ologique du Mexique dans une intrigue truff\u00e9e d\u2019\u00e9nigmes.<\/p>\n<p>\t\t<img decoding=\"async\" src=\"https:\/\/www.europesays.com\/fr\/wp-content\/uploads\/2025\/08\/2432c2f023783a7db5f51285950156fb.jpg\" alt=\"Les \u00e9veill\u00e9es \" itemprop=\"image\"\/><\/p>\n<p class=\"reviewModule__title name\" itemprop=\"name\">Les \u00e9veill\u00e9es <\/p>\n<p class=\"reviewModule__author\" itemprop=\"author\" itemscope=\"\" itemtype=\"https:\/\/schema.org\/Person\">\u00c9ric Giacometti <\/p>\n<p class=\"reviewModule__publisher\" itemprop=\"publisher\" itemscope=\"\" itemtype=\"https:\/\/schema.org\/Organization\">JC Latt\u00e8s <\/p>\n<p class=\"reviewModule__pageCount\">293 pages<\/p>\n<p>                    Obscure et c\u00e9leste, Marco Malvaldi<\/p>\n<p class=\"paragraph textModule textModule--type-paragraph \" style=\"\">En\u00a01631, alors que l\u2019Europe est d\u00e9chir\u00e9e par la guerre, la peste fait rage \u00e0 Florence. C\u2019est dans ce contexte que l\u2019auteur italien nous pr\u00e9sente un Galil\u00e9e malicieux et nous plonge dans une intrigue criminelle entre jeux de pouvoir et une Inquisition toujours mena\u00e7ante.<\/p>\n<p>\t\t<img decoding=\"async\" src=\"https:\/\/www.europesays.com\/fr\/wp-content\/uploads\/2025\/08\/9e59b04b891f31319d05918f8118a3b9.jpg\" alt=\"Obscure et c\u00e9leste \" itemprop=\"image\"\/><\/p>\n<p class=\"reviewModule__title name\" itemprop=\"name\">Obscure et c\u00e9leste <\/p>\n<p class=\"reviewModule__author\" itemprop=\"author\" itemscope=\"\" itemtype=\"https:\/\/schema.org\/Person\">Marco Malvaldi (traduit de l\u2019italien par Nathalie Bauer)<\/p>\n<p class=\"reviewModule__publisher\" itemprop=\"publisher\" itemscope=\"\" itemtype=\"https:\/\/schema.org\/Organization\">Seuil <\/p>\n<p class=\"reviewModule__pageCount\">344 pages<\/p>\n","protected":false},"excerpt":{"rendered":"Parmi tous les livres qui sont arriv\u00e9s r\u00e9cemment en librairie, en voici quelques-uns qui ont attir\u00e9 notre attention.&hellip;\n","protected":false},"author":2,"featured_media":341570,"comment_status":"","ping_status":"","sticky":false,"template":"","format":"standard","meta":{"footnotes":""},"categories":[1357],"tags":[1379,58,59,1011,27,1380],"class_list":{"0":"post-341569","1":"post","2":"type-post","3":"status-publish","4":"format-standard","5":"has-post-thumbnail","7":"category-livres","8":"tag-books","9":"tag-divertissement","10":"tag-entertainment","11":"tag-fr","12":"tag-france","13":"tag-livres"},"share_on_mastodon":{"url":"https:\/\/pubeurope.com\/@fr\/115086235362164940","error":""},"_links":{"self":[{"href":"https:\/\/www.europesays.com\/fr\/wp-json\/wp\/v2\/posts\/341569","targetHints":{"allow":["GET"]}}],"collection":[{"href":"https:\/\/www.europesays.com\/fr\/wp-json\/wp\/v2\/posts"}],"about":[{"href":"https:\/\/www.europesays.com\/fr\/wp-json\/wp\/v2\/types\/post"}],"author":[{"embeddable":true,"href":"https:\/\/www.europesays.com\/fr\/wp-json\/wp\/v2\/users\/2"}],"replies":[{"embeddable":true,"href":"https:\/\/www.europesays.com\/fr\/wp-json\/wp\/v2\/comments?post=341569"}],"version-history":[{"count":0,"href":"https:\/\/www.europesays.com\/fr\/wp-json\/wp\/v2\/posts\/341569\/revisions"}],"wp:featuredmedia":[{"embeddable":true,"href":"https:\/\/www.europesays.com\/fr\/wp-json\/wp\/v2\/media\/341570"}],"wp:attachment":[{"href":"https:\/\/www.europesays.com\/fr\/wp-json\/wp\/v2\/media?parent=341569"}],"wp:term":[{"taxonomy":"category","embeddable":true,"href":"https:\/\/www.europesays.com\/fr\/wp-json\/wp\/v2\/categories?post=341569"},{"taxonomy":"post_tag","embeddable":true,"href":"https:\/\/www.europesays.com\/fr\/wp-json\/wp\/v2\/tags?post=341569"}],"curies":[{"name":"wp","href":"https:\/\/api.w.org\/{rel}","templated":true}]}}