{"id":341571,"date":"2025-08-24T23:02:42","date_gmt":"2025-08-24T23:02:42","guid":{"rendered":"https:\/\/www.europesays.com\/fr\/341571\/"},"modified":"2025-08-24T23:02:42","modified_gmt":"2025-08-24T23:02:42","slug":"apres-cyril-hanouna-et-c8-yann-barthes-dans-le-viseur-de-larcom","status":"publish","type":"post","link":"https:\/\/www.europesays.com\/fr\/341571\/","title":{"rendered":"Apr\u00e8s Cyril Hanouna et C8, Yann Barth\u00e8s dans le viseur de l&rsquo;Arcom"},"content":{"rendered":"<p>Une situation totalement inattendue. La rentr\u00e9e approche \u00e0<br \/>\ngrands pas. En effet, les animateurs vont bient\u00f4t mettre fin \u00e0<br \/>\nleurs vacances et faire leur retour sur le petit \u00e9cran. D\u00e8s le 1er<br \/>\nseptembre 2025, les t\u00e9l\u00e9spectateurs retrouveront <a href=\"https:\/\/www.melty.fr\/tele\/cyril-hanouna-bientot-sur-w9-son-emission-loin-detre-prete-ce-detail-qui-interpelle-2257789.html\" target=\"_blank\" rel=\"noopener\"><br \/>\nCyril Hanouna aux commandes de sa nouvelle \u00e9mission Tout beau<br \/>\ntout 9<\/a>. Un programme que le trublion du PAF animera sur<br \/>\nW9. Car, apr\u00e8s la fermeture de C8 suite \u00e0 une d\u00e9cision de l\u2019Arcom,<br \/>\nc\u2019est au sein du groupe M6 que Cyril Hanouna a d\u00e9pos\u00e9 ses valises.<br \/>\nDans quelques jours, Yann Barth\u00e8s fera \u00e9galement son retour sur<br \/>\nTMC. Mais avant de retrouver son public, l\u2019animateur se retrouve<br \/>\ndans une position que l\u2019ancien animateur phare de C8 conna\u00eet<br \/>\nbien.<\/p>\n<p>Une situation inattendue<\/p>\n<p>La pause estivale touche bient\u00f4t \u00e0 sa fin pour l\u2019\u00e9quipe de<br \/>\nQuotidien. En effet, apr\u00e8s une saison 9 particuli\u00e8rement intense,<br \/>\n<strong>Yann Barth\u00e8s et ses chroniqueurs s\u2019appr\u00eatent \u00e0 faire leur<br \/>\ngrand retour<\/strong> sur le petit \u00e9cran. Et ce, apr\u00e8s une bonne<br \/>\npause de deux mois pour se reposer et se ressourcer aupr\u00e8s des<br \/>\nsiens.<\/p>\n<p>Mais alors que l\u2019animateur profite des derniers jours de l\u2019\u00e9t\u00e9,<br \/>\nune mauvaise nouvelle est venue bouleverser sa tranquillit\u00e9. En<br \/>\neffet, <strong>le 14 ao\u00fbt dernier, l\u2019Arcom a publi\u00e9 un<br \/>\ncommuniqu\u00e9<\/strong>. Dans ce dernier, les gendarmes de<br \/>\nl\u00a0\u00bbaudiovisuel mettent en garde sur une s\u00e9quence diffus\u00e9e dans<br \/>\nl\u2019\u00e9mission.<\/p>\n<p>Yann Barth\u00e8s rappel\u00e9 \u00e0 l\u2019ordre par l\u2019Arcom<\/p>\n<p>Dans son communiqu\u00e9, l\u2019Arcom a point\u00e9 du doigt une sc\u00e8ne datant<br \/>\ndu 13 septembre 2024. D\u2019apr\u00e8s les autorit\u00e9s de r\u00e9gulation, cette<br \/>\nderni\u00e8re a \u00e9t\u00e9 diffus\u00e9e \u201cau sein d&rsquo;une chronique de l&rsquo;\u00e9mission,<br \/>\n<strong>l&rsquo;image de l&rsquo;enfant mineur de la plaignante a \u00e9t\u00e9 diffus\u00e9e<br \/>\nsans autorisation<\/strong>, non prot\u00e9g\u00e9e et accompagn\u00e9e de propos<br \/>\nmoqueurs.\u201d Toutefois, les gendarmes de l&rsquo;audiovisuel ont tenu<br \/>\n\u00e0 assurer qu\u2019ils ont pris en compte les efforts de la cha\u00eene. Mais<br \/>\npour l\u2019Arcom, ces derniers auraient d\u00fb faire preuve davantage de<br \/>\nprudence.<\/p>\n<p>\u201cSi elle a not\u00e9 le retrait de la s\u00e9quence litigieuse, le<br \/>\nregret exprim\u00e9 par la cha\u00eene face \u00e0 l\u2019\u00e9moi suscit\u00e9 par la s\u00e9quence<br \/>\net la mise en \u0153uvre de mesures internes destin\u00e9es \u00e0 pr\u00e9venir le<br \/>\nrenouvellement de telles diffusions, <strong>l\u2019Autorit\u00e9 a n\u00e9anmoins<br \/>\nconsid\u00e9r\u00e9 que la s\u00e9quence m\u00e9connaissait les stipulations de<br \/>\nl\u2019article 2-3-4 de sa convention<\/strong>\u201d, a r\u00e9v\u00e9l\u00e9<br \/>\nl\u2019autorit\u00e9.<\/p>\n<p>\u201cUn contexte pouvant contribuer \u00e0<br \/>\nengendrer du harc\u00e8lement scolaire\u201d<\/p>\n<p>Suite \u00e0 ce manque de vigilance de Yann Barth\u00e8s et la cha\u00eene,<br \/>\nl\u2019Arcom a d\u00e9cid\u00e9 de mettre en garde. <strong>Les gendarmes de<br \/>\nl\u2019audiovisuel ont \u00e9galement tenu \u00e0 mettre un accent sur la<br \/>\nvigilance<\/strong>, car cette s\u00e9quence diffus\u00e9e par la cha\u00eene<br \/>\naurait pu avoir des cons\u00e9quences non d\u00e9sir\u00e9es sur la vie des<br \/>\npersonnes concern\u00e9es.<\/p>\n<p>\u201cEn cons\u00e9quence, <strong>l\u2019Arcom a demand\u00e9 \u00e0 l\u2019\u00e9diteur du<br \/>\nservice de faire preuve de la plus grande vigilance<\/strong>, \u00e0<br \/>\nl\u2019avenir, quant au respect de ces stipulations, tout<br \/>\nparticuli\u00e8rement s\u2019agissant de la captation de l\u2019image de personnes<br \/>\nmineures dans un contexte pouvant contribuer \u00e0 engendrer du<br \/>\nharc\u00e8lement scolaire\u201d, a confi\u00e9 l\u2019autorit\u00e9 dans son<br \/>\ncommuniqu\u00e9. Une situation qui va peut-\u00eatre faire sourire <a href=\"https:\/\/www.melty.fr\/people\/cyril-hanouna-sans-detour-sur-sa-guerre-ouverte-avec-yann-barthes-il-a-peur-de-moi-2214151.html\" target=\"_blank\" rel=\"noopener\"><br \/>\nCyril Hanouna qui n&rsquo;est pas un grand ami de Yann Barth\u00e8s<\/a>. En<br \/>\neffet, l\u2019animateur a eu \u00e0 faire face aux gendarmes de l\u2019audiovisuel<br \/>\n\u00e0 plusieurs reprises. Des piq\u00fbres de rappel que de nombreuses<br \/>\npersonnes ne manquaient pas de pointer du doigt. Comme quoi, cette<br \/>\nsituation n\u2019arrive pas seulement \u00e0 Cyril Hanouna.<\/p>\n","protected":false},"excerpt":{"rendered":"Une situation totalement inattendue. La rentr\u00e9e approche \u00e0 grands pas. En effet, les animateurs vont bient\u00f4t mettre fin&hellip;\n","protected":false},"author":2,"featured_media":341572,"comment_status":"","ping_status":"","sticky":false,"template":"","format":"standard","meta":{"footnotes":""},"categories":[1356],"tags":[1083,58,59,1011,27,1404,252,1364,1405],"class_list":{"0":"post-341571","1":"post","2":"type-post","3":"status-publish","4":"format-standard","5":"has-post-thumbnail","7":"category-television","8":"tag-cyril-hanouna","9":"tag-divertissement","10":"tag-entertainment","11":"tag-fr","12":"tag-france","13":"tag-quotidien","14":"tag-television","15":"tag-tv","16":"tag-yann-barthes"},"share_on_mastodon":{"url":"https:\/\/pubeurope.com\/@fr\/115086239518865502","error":""},"_links":{"self":[{"href":"https:\/\/www.europesays.com\/fr\/wp-json\/wp\/v2\/posts\/341571","targetHints":{"allow":["GET"]}}],"collection":[{"href":"https:\/\/www.europesays.com\/fr\/wp-json\/wp\/v2\/posts"}],"about":[{"href":"https:\/\/www.europesays.com\/fr\/wp-json\/wp\/v2\/types\/post"}],"author":[{"embeddable":true,"href":"https:\/\/www.europesays.com\/fr\/wp-json\/wp\/v2\/users\/2"}],"replies":[{"embeddable":true,"href":"https:\/\/www.europesays.com\/fr\/wp-json\/wp\/v2\/comments?post=341571"}],"version-history":[{"count":0,"href":"https:\/\/www.europesays.com\/fr\/wp-json\/wp\/v2\/posts\/341571\/revisions"}],"wp:featuredmedia":[{"embeddable":true,"href":"https:\/\/www.europesays.com\/fr\/wp-json\/wp\/v2\/media\/341572"}],"wp:attachment":[{"href":"https:\/\/www.europesays.com\/fr\/wp-json\/wp\/v2\/media?parent=341571"}],"wp:term":[{"taxonomy":"category","embeddable":true,"href":"https:\/\/www.europesays.com\/fr\/wp-json\/wp\/v2\/categories?post=341571"},{"taxonomy":"post_tag","embeddable":true,"href":"https:\/\/www.europesays.com\/fr\/wp-json\/wp\/v2\/tags?post=341571"}],"curies":[{"name":"wp","href":"https:\/\/api.w.org\/{rel}","templated":true}]}}