{"id":341573,"date":"2025-08-24T23:03:18","date_gmt":"2025-08-24T23:03:18","guid":{"rendered":"https:\/\/www.europesays.com\/fr\/341573\/"},"modified":"2025-08-24T23:03:18","modified_gmt":"2025-08-24T23:03:18","slug":"raven-reporte-sa-tournee-europeenne-suite-a-lhospitalisation-de-john-gallagher","status":"publish","type":"post","link":"https:\/\/www.europesays.com\/fr\/341573\/","title":{"rendered":"Raven reporte sa tourn\u00e9e europ\u00e9enne suite \u00e0 l\u2019hospitalisation de John Gallagher"},"content":{"rendered":"<p><strong>Le groupe Raven a annonc\u00e9 le report de sa tourn\u00e9e europ\u00e9enne \u00e9t\u00e9\/automne 2025, une d\u00e9cision prise suite \u00e0 l\u2019\u00e9tat de sant\u00e9 de son chanteur et bassiste John Gallagher, r\u00e9cemment hospitalis\u00e9 pour un h\u00e9matome sous-dural.<\/strong><\/p>\n<p>Raven contraint de reporter sa tourn\u00e9e<\/p>\n<p>Dans un communiqu\u00e9 publi\u00e9 sur les r\u00e9seaux sociaux le 23 ao\u00fbt, les musiciens de Raven ont expliqu\u00e9 que John Gallagher avait \u00e9t\u00e9 admis \u00e0 l\u2019h\u00f4pital le 12 ao\u00fbt apr\u00e8s de violents maux de t\u00eate. Les examens ont r\u00e9v\u00e9l\u00e9 une h\u00e9morragie c\u00e9r\u00e9brale n\u00e9cessitant deux op\u00e9rations chirurgicales. Le chanteur se remet d\u00e9sormais, mais il ne peut pas voyager en avion dans l\u2019imm\u00e9diat. Le groupe pr\u00e9cise qu\u2019il travaille avec son agence Dragon Productions et ses promoteurs afin de reprogrammer les concerts pr\u00e9vus cet \u00e9t\u00e9 et cet automne.<\/p>\n<p>Le trio a tenu \u00e0 remercier ses fans pour leur compr\u00e9hension, affirmant: \u201cNous reviendrons, plus forts que jamais. Rock Until You Drop !\u201d.<\/p>\n<p>Un pilier de la New Wave of British Heavy Metal<\/p>\n<p>Actif depuis plus de cinquante ans, Raven est consid\u00e9r\u00e9 comme l\u2019un des pionniers de la New Wave of British <a href=\"https:\/\/www.metalzone.fr\/heavy-metal\/\" rel=\"nofollow noopener\" target=\"_blank\">Heavy Metal<\/a>. Le groupe a marqu\u00e9 les ann\u00e9es 1980 avec des albums influents tels que Rock Until You Drop, Wiped Out et All For One, qui ont contribu\u00e9 \u00e0 d\u00e9finir les bases du speed et du <a href=\"https:\/\/www.metalzone.fr\/power-metal\/\" rel=\"nofollow noopener\" target=\"_blank\">power metal<\/a>. Leur \u00e9nergie sc\u00e9nique a \u00e9galement ouvert la voie \u00e0 des groupes comme <a href=\"https:\/\/www.metalzone.fr\/metallica\/\" rel=\"nofollow noopener\" target=\"_blank\">Metallica<\/a> et <a href=\"https:\/\/www.metalzone.fr\/anthrax\/\" rel=\"nofollow noopener\" target=\"_blank\">Anthrax<\/a>, qui les ont accompagn\u00e9s en tourn\u00e9e \u00e0 leurs d\u00e9buts.<\/p>\n<p>John Gallagher avait r\u00e9cemment partag\u00e9 ses souvenirs de cette premi\u00e8re aventure am\u00e9ricaine avec Metallica, un sujet que nous avions abord\u00e9 <a href=\"https:\/\/www.metalzone.fr\/news\/209482-metallica-pas-change-malgre-tout-john-gallagher-raven-premiere-tournee-ensemble\/\" target=\"_blank\" rel=\"noopener nofollow\">dans ce pr\u00e9c\u00e9dent article<\/a>.<\/p>\n<p>Une parenth\u00e8se avant de retrouver la sc\u00e8ne<\/p>\n<p>Bien que Raven annule rarement ses concerts, ce contretemps s\u2019inscrit dans une volont\u00e9 de pr\u00e9server la sant\u00e9 de son frontman. Le groupe assure d\u00e9j\u00e0 ses fans que les dates seront reprogramm\u00e9es et que cette pause forc\u00e9e ne fait que renforcer son envie de retrouver la sc\u00e8ne au plus vite.<\/p><\/p>\n","protected":false},"excerpt":{"rendered":"Le groupe Raven a annonc\u00e9 le report de sa tourn\u00e9e europ\u00e9enne \u00e9t\u00e9\/automne 2025, une d\u00e9cision prise suite \u00e0&hellip;\n","protected":false},"author":2,"featured_media":341574,"comment_status":"","ping_status":"","sticky":false,"template":"","format":"standard","meta":{"footnotes":""},"categories":[1355],"tags":[58,59,1011,27,1361,873],"class_list":{"0":"post-341573","1":"post","2":"type-post","3":"status-publish","4":"format-standard","5":"has-post-thumbnail","7":"category-musique","8":"tag-divertissement","9":"tag-entertainment","10":"tag-fr","11":"tag-france","12":"tag-music","13":"tag-musique"},"share_on_mastodon":{"url":"https:\/\/pubeurope.com\/@fr\/115086242924926359","error":""},"_links":{"self":[{"href":"https:\/\/www.europesays.com\/fr\/wp-json\/wp\/v2\/posts\/341573","targetHints":{"allow":["GET"]}}],"collection":[{"href":"https:\/\/www.europesays.com\/fr\/wp-json\/wp\/v2\/posts"}],"about":[{"href":"https:\/\/www.europesays.com\/fr\/wp-json\/wp\/v2\/types\/post"}],"author":[{"embeddable":true,"href":"https:\/\/www.europesays.com\/fr\/wp-json\/wp\/v2\/users\/2"}],"replies":[{"embeddable":true,"href":"https:\/\/www.europesays.com\/fr\/wp-json\/wp\/v2\/comments?post=341573"}],"version-history":[{"count":0,"href":"https:\/\/www.europesays.com\/fr\/wp-json\/wp\/v2\/posts\/341573\/revisions"}],"wp:featuredmedia":[{"embeddable":true,"href":"https:\/\/www.europesays.com\/fr\/wp-json\/wp\/v2\/media\/341574"}],"wp:attachment":[{"href":"https:\/\/www.europesays.com\/fr\/wp-json\/wp\/v2\/media?parent=341573"}],"wp:term":[{"taxonomy":"category","embeddable":true,"href":"https:\/\/www.europesays.com\/fr\/wp-json\/wp\/v2\/categories?post=341573"},{"taxonomy":"post_tag","embeddable":true,"href":"https:\/\/www.europesays.com\/fr\/wp-json\/wp\/v2\/tags?post=341573"}],"curies":[{"name":"wp","href":"https:\/\/api.w.org\/{rel}","templated":true}]}}