{"id":341579,"date":"2025-08-24T23:07:09","date_gmt":"2025-08-24T23:07:09","guid":{"rendered":"https:\/\/www.europesays.com\/fr\/341579\/"},"modified":"2025-08-24T23:07:09","modified_gmt":"2025-08-24T23:07:09","slug":"kneecap-reaffirme-son-soutien-aux-palestiniens-a-rock-en-seine","status":"publish","type":"post","link":"https:\/\/www.europesays.com\/fr\/341579\/","title":{"rendered":"Kneecap r\u00e9affirme son soutien aux Palestiniens \u00e0 Rock en Seine"},"content":{"rendered":"<p>Le groupe Kneecap a r\u00e9affirm\u00e9 son soutien aux Palestiniens lors de son concert \u00e0 Rock en Seine, ce dimanche 24 ao\u00fbt. Pour autant, il a rappel\u00e9 qu&rsquo;il n&rsquo;\u00e9tait \u00ab\u00a0pas contre Isra\u00ebl\u00a0\u00bb.<\/p>\n<p>Le trio <a href=\"https:\/\/www.bfmtv.com\/culture\/le-groupe-kneecap-sous-surveillance-au-dernier-jour-de-rock-en-seine_AD-202508240030.html\" title=\"Le groupe Kneecap sous surveillance au dernier jour de Rock en Seine\" class=\"internal_link\" rel=\"nofollow noopener\" target=\"_blank\">nord-irlandais Kneecap<\/a>, dont l&rsquo;un des membres est poursuivi par la justice britannique pour soutien au Hezbollah, a donn\u00e9 ce dimanche 24 ao\u00fbt un concert sous haute surveillance au festival <a href=\"https:\/\/www.bfmtv.com\/people\/musique\/doechii-annule-son-concert-a-rock-en-seine_AD-202508190266.html\" title=\"Rock en Seine: la rappeuse am\u00e9ricaine Doechii annule son concert\" class=\"internal_link\" rel=\"nofollow noopener\" target=\"_blank\">Rock en Seine<\/a>, o\u00f9 il a de nouveau critiqu\u00e9 la politique isra\u00e9lienne \u00e0 Gaza.<\/p>\n<p>Ce concert d&rsquo;une heure s&rsquo;est tenu devant plusieurs milliers de personnes \u00e0 Saint-Cloud (ouest de Paris), <a href=\"https:\/\/www.bfmtv.com\/people\/musique\/rock-en-seine-le-crif-demande-la-deprogrammation-du-groupe-kneecap-accuse-de-soutien-au-hezbollah_AD-202508210477.html\" title=\"Rock en Seine: le Crif demande la d\u00e9programmation du groupe Kneecap, accus\u00e9 de soutien au Hezbollah\" class=\"internal_link\" rel=\"nofollow noopener\" target=\"_blank\">pr\u00e9c\u00e9d\u00e9 d&rsquo;une controverse sur sa tenue<\/a> car ce groupe de Belfast a pris l&rsquo;habitude de faire de ses shows une tribune pour la cause palestinienne sur fond de guerre dans la <a href=\"https:\/\/www.bfmtv.com\/international\/moyen-orient\/palestine\/treve-a-gaza-le-qatar-assure-que-la-proposition-acceptee-par-le-hamas-reprend-presque-integralement-un-ancien-plan-approuve-par-israel_AD-202508190306.html\" title=\"Tr\u00eave \u00e0 Gaza: le Qatar assure que la proposition accept\u00e9e par le Hamas reprend &quot;presque int\u00e9gralement&quot; un ancien plan approuv\u00e9 par Isra\u00ebl\" class=\"internal_link\" rel=\"nofollow noopener\" target=\"_blank\">bande de Gaza<\/a>.<\/p>\n<p>\u00ab\u00a0Free, free Palestine !\u00a0\u00bb a ainsi cri\u00e9 au d\u00e9but et \u00e0 la fin de son spectacle le groupe, dont la musique oscille entre rap et punk, en haranguant une foule enthousiaste o\u00f9 \u00e9taient visibles des keffiehs et des maillots irlandais.<\/p>\n<p>\u00ab\u00a0Nous ne sommes pas contre Isra\u00ebl\u00a0\u00bb, a-t-il \u00e9galement affirm\u00e9, ajoutant: \u00ab\u00a0Je sais que nous sommes en col\u00e8re, mais nous sommes seulement ici pour nous amuser\u00a0\u00bb.<\/p>\n<p>\u00ab\u00a0Un criminel de guerre\u00a0\u00bb<\/p>\n<p>Durant son spectacle, Kneecap a tout de m\u00eame \u00e9voqu\u00e9 \u00e0 plusieurs reprises la situation au Proche-Orient: \u00ab\u00a0Netanyahu est un criminel de guerre\u00a0\u00bb et \u00ab\u00a0si vous n&rsquo;appelez pas cela un g\u00e9nocide, comment appelez-vous cela ?\u00a0\u00bb, a-t-il notamment lanc\u00e9.<\/p>\n<p>Les autorit\u00e9s avaient pr\u00e9venu qu&rsquo;elles allaient avoir ce concert \u00e0 l&rsquo;oeil. L&rsquo;un des trois membres du groupe, Liam O&rsquo;Hanna dit Mo Chara, est en effet poursuivi pour \u00ab\u00a0infraction terroriste\u00a0\u00bb apr\u00e8s s&rsquo;\u00eatre couvert, lors d&rsquo;un concert \u00e0 Londres en 2024, <a href=\"https:\/\/www.bfmtv.com\/international\/europe\/angleterre\/je-suis-un-homme-libre-un-rappeur-du-groupe-kneecap-poursuivi-pour-avoir-porte-un-drapeau-du-hezbollah-replique-au-festival-glastonbury_AN-202506290236.html\" title=\"&quot;Je suis un homme libre&quot;: un rappeur du groupe Kneecap, poursuivi pour avoir port\u00e9 un drapeau du Hezbollah, r\u00e9plique au festival Glastonbury\" class=\"internal_link\" rel=\"nofollow noopener\" target=\"_blank\">d&rsquo;un drapeau du Hezbollah<\/a>. Ce mouvement islamiste libanais pro-iranien, ennemi jur\u00e9 d&rsquo;Isra\u00ebl, est class\u00e9 terroriste au Royaume-Uni.<\/p>\n<p>Soutenu par des centaines de partisans, <a href=\"https:\/\/www.bfmtv.com\/people\/musique\/le-rappeur-de-kneecap-accuse-de-soutien-au-hezbollah-comparait-aujourd-hui-a-londres_AD-202508200329.html\" title=\"Le rappeur de Kneecap, accus\u00e9 de soutien au Hezbollah, compara\u00eet aujourd&#039;hui \u00e0 Londres\" class=\"internal_link\" rel=\"nofollow noopener\" target=\"_blank\">Mo Chara a comparu mercredi dans la capitale britannique<\/a> puis est reparti libre, la d\u00e9cision \u00e9tant ajourn\u00e9e au 26 septembre.<\/p>\n<p>Ces p\u00e9rip\u00e9ties judiciaires n&#8217;emp\u00eachent pas Kneecap de poursuivre sa tourn\u00e9e \u00e0 guichets ferm\u00e9s, comme \u00e0 Glastonbury fin juin, o\u00f9 il avait accus\u00e9 Isra\u00ebl d&rsquo;\u00eatre un \u00c9tat \u00ab\u00a0criminel de guerre\u00a0\u00bb. Il a en revanche \u00e9t\u00e9 priv\u00e9 du festival Sziget de Budapest, apr\u00e8s une <a href=\"https:\/\/www.bfmtv.com\/people\/musique\/la-hongrie-interdit-d-entree-le-groupe-kneecap-accuse-d-antisemitisme_AD-202507240490.html\" title=\"La Hongrie interdit d&#039;entr\u00e9e le groupe Kneecap, accus\u00e9 d&#039;antis\u00e9mitisme\" class=\"internal_link\" rel=\"nofollow noopener\" target=\"_blank\">interdiction d&rsquo;entr\u00e9e sur le territoire<\/a> rendue par le gouvernement hongrois, proche alli\u00e9 d&rsquo;Isra\u00ebl.<\/p>\n<p>Des subventions retir\u00e9es par la ville et la r\u00e9gion<\/p>\n<p>\u00ab\u00a0On a l&rsquo;assurance que le groupe va se tenir tout \u00e0 fait correctement\u00a0\u00bb, avait expliqu\u00e9 \u00e0 l&rsquo;AFP Matthieu Ducos, directeur de Rock en Seine, quelques jours avant l&rsquo;ouverture du festival.<\/p>\n<p>\u00ab\u00a0C&rsquo;est un groupe qui reste relativement confidentiel en France mais qui a gagn\u00e9 beaucoup en notori\u00e9t\u00e9 ces derniers temps, pour des tr\u00e8s bonnes raisons artistiques, mais aussi <a href=\"https:\/\/www.bfmtv.com\/people\/musique\/les-rappeurs-de-kneecap-dementent-tout-soutien-au-hamas-ou-au-hezbollah_AD-202504290619.html\" title=\"Les rappeurs de Kneecap d\u00e9mentent tout soutien au Hamas ou au Hezbollah\" class=\"internal_link\" rel=\"nofollow noopener\" target=\"_blank\">toute cette pol\u00e9mique<\/a> qui a fait qu&rsquo;il a gagn\u00e9 \u00e9norm\u00e9ment en visibilit\u00e9 et en fans\u00a0\u00bb, avait-il ajout\u00e9.<\/p>\n<p>Dans ce contexte, la <a href=\"https:\/\/www.bfmtv.com\/people\/musique\/rock-en-seine-saint-cloud-retire-sa-subvention-au-festival-en-raison-de-la-participation-du-groupe-pro-palestinien-kneecap_AD-202507170174.html\" title=\"Rock en Seine: Saint-Cloud retire sa subvention au festival en raison de la participation du groupe pro-palestinien Kneecap\" class=\"internal_link\" rel=\"nofollow noopener\" target=\"_blank\">ville de Saint-Cloud<\/a> a retir\u00e9 sa subvention de 40.000 euros \u00e0 Rock en Seine, une premi\u00e8re.<\/p>\n<p>La r\u00e9gion Ile-de-France a \u00e9galement annul\u00e9 ses aides pour l&rsquo;\u00e9dition 2025. La subvention s&rsquo;\u00e9levait \u00e0 295.000 euros en 2024, \u00e0 laquelle s&rsquo;ajoutent 150.000 euros d&rsquo;aides indirectes \u00e0 travers l&rsquo;achat de billets.<\/p>\n<p>Le d\u00e9sengagement de ces collectivit\u00e9s ne met toutefois pas en jeu la viabilit\u00e9 du festival, dont le budget est compris entre 16 et 17 millions d&rsquo;euros cette ann\u00e9e.<\/p>\n<p>Trois concerts en France cet \u00e9t\u00e9<\/p>\n<p>En France, <a href=\"https:\/\/www.bfmtv.com\/people\/musique\/messages-anti-israel-le-groupe-kneecap-qui-a-suscite-la-controverse-a-coachella-maintient-ses-propos_AD-202504250511.html\" title=\"Messages anti-Isra\u00ebl: le groupe Kneecap, qui a suscit\u00e9 la controverse \u00e0 Coachella, maintient ses propos\" class=\"internal_link\" rel=\"nofollow noopener\" target=\"_blank\">Kneecap<\/a> &#8211; \u00ab\u00a0rotule\u00a0\u00bb en anglais, r\u00e9f\u00e9rence \u00e0 la pratique des milices paramilitaires qui tiraient dans les genoux de leurs victimes pendant le conflit nord-irlandais &#8211; s&rsquo;est d\u00e9j\u00e0 produit \u00e0 deux reprises cet \u00e9t\u00e9.<\/p>\n<p>Leurs concerts aux Eurock\u00e9ennes de Belfort d\u00e9but juillet et au Cabaret vert de Charleville-M\u00e9zi\u00e8res mi-ao\u00fbt ont eu lieu sans incident mais des voix se sont \u00e9lev\u00e9es pour demander leur d\u00e9programmation \u00e0 Saint-Cloud.<\/p>\n<p>\u00ab\u00a0Ils profanent la m\u00e9moire des 50 Fran\u00e7ais victimes du Hamas le 7-Octobre comme de toutes les victimes fran\u00e7aises du Hezbollah\u00a0\u00bb, avait d\u00e9nonc\u00e9 sur X Yonathan Arfi, pr\u00e9sident du Conseil repr\u00e9sentatif des institutions juives de France (Crif).<\/p>\n","protected":false},"excerpt":{"rendered":"Le groupe Kneecap a r\u00e9affirm\u00e9 son soutien aux Palestiniens lors de son concert \u00e0 Rock en Seine, ce&hellip;\n","protected":false},"author":2,"featured_media":341580,"comment_status":"","ping_status":"","sticky":false,"template":"","format":"standard","meta":{"footnotes":""},"categories":[8],"tags":[58,59,1011,27],"class_list":{"0":"post-341579","1":"post","2":"type-post","3":"status-publish","4":"format-standard","5":"has-post-thumbnail","7":"category-divertissement","8":"tag-divertissement","9":"tag-entertainment","10":"tag-fr","11":"tag-france"},"share_on_mastodon":{"url":"https:\/\/pubeurope.com\/@fr\/115086258661322225","error":""},"_links":{"self":[{"href":"https:\/\/www.europesays.com\/fr\/wp-json\/wp\/v2\/posts\/341579","targetHints":{"allow":["GET"]}}],"collection":[{"href":"https:\/\/www.europesays.com\/fr\/wp-json\/wp\/v2\/posts"}],"about":[{"href":"https:\/\/www.europesays.com\/fr\/wp-json\/wp\/v2\/types\/post"}],"author":[{"embeddable":true,"href":"https:\/\/www.europesays.com\/fr\/wp-json\/wp\/v2\/users\/2"}],"replies":[{"embeddable":true,"href":"https:\/\/www.europesays.com\/fr\/wp-json\/wp\/v2\/comments?post=341579"}],"version-history":[{"count":0,"href":"https:\/\/www.europesays.com\/fr\/wp-json\/wp\/v2\/posts\/341579\/revisions"}],"wp:featuredmedia":[{"embeddable":true,"href":"https:\/\/www.europesays.com\/fr\/wp-json\/wp\/v2\/media\/341580"}],"wp:attachment":[{"href":"https:\/\/www.europesays.com\/fr\/wp-json\/wp\/v2\/media?parent=341579"}],"wp:term":[{"taxonomy":"category","embeddable":true,"href":"https:\/\/www.europesays.com\/fr\/wp-json\/wp\/v2\/categories?post=341579"},{"taxonomy":"post_tag","embeddable":true,"href":"https:\/\/www.europesays.com\/fr\/wp-json\/wp\/v2\/tags?post=341579"}],"curies":[{"name":"wp","href":"https:\/\/api.w.org\/{rel}","templated":true}]}}