{"id":341585,"date":"2025-08-24T23:10:12","date_gmt":"2025-08-24T23:10:12","guid":{"rendered":"https:\/\/www.europesays.com\/fr\/341585\/"},"modified":"2025-08-24T23:10:12","modified_gmt":"2025-08-24T23:10:12","slug":"cest-quoi-ce-dragon-bleu-qui-a-contraint-a-la-fermeture-de-plusieurs-plages","status":"publish","type":"post","link":"https:\/\/www.europesays.com\/fr\/341585\/","title":{"rendered":"C\u2019est quoi ce dragon bleu qui a contraint \u00e0 la fermeture de plusieurs plages\u00a0?"},"content":{"rendered":"<p>Plus t\u00f4t dans la semaine, la <a href=\"https:\/\/www.20minutes.fr\/dossier\/baignade\" class=\"c-link c-link--is-underlined\" rel=\"nofollow noopener\" target=\"_blank\">baignade<\/a> a \u00e9t\u00e9 interdite \u00e0 Guardamar del Segura, dans la province d\u2019Alicante, en <a href=\"https:\/\/www.20minutes.fr\/dossier\/espagne\" class=\"c-link c-link--is-underlined\" rel=\"nofollow noopener\" target=\"_blank\">Espagne<\/a>, a pr\u00e9venu la <a href=\"https:\/\/www.20minutes.fr\/dossier\/police\" class=\"c-link c-link--is-underlined\" rel=\"nofollow noopener\" target=\"_blank\">police<\/a> sur les <a href=\"https:\/\/www.facebook.com\/permalink.php?story_fbid=1074399858197758&amp;id=100068832625844&amp;ref=embed_post\" rel=\"nofollow noopener\" target=\"_blank\" class=\"c-link c-link--is-underlined\">r\u00e9seaux sociaux<\/a>, une publication rep\u00e9r\u00e9e par <a href=\"https:\/\/actu.fr\/planete\/biodiversite\/de-nombreuses-plages-fermees-en-espagne-pourquoi-le-dragon-bleu-des-mers-affole-nos-voisins_63070815.html\" rel=\"nofollow noopener\" target=\"_blank\" class=\"c-link c-link--is-underlined\">Actu.fr<\/a>. <\/p>\n<p>La raison\u00a0? L\u2019apparition massive du glaucus atlanticus, plus connu sous le nom de \u00ab\u00a0dragon bleu\u00a0\u00bb. Quelques jours auparavant, ce sont des plages \u00e0 Majorque, dans les Canaries, mais aussi en Andalousie et \u00e0 Lanzarote qui ont d\u00fb fermer pour les m\u00eames raisons, souligne <a href=\"https:\/\/www.eldebate.com\/ciencia\/20250821\/como-dragon-azul-exotico-animal-obligado-cerrar-varias-playas-espana_327076.html\" rel=\"nofollow noopener\" target=\"_blank\" class=\"c-link c-link--is-underlined\">El Debate<\/a>.<\/p>\n<p>\u00ab\u00a0Le contact avec cet animal marin peut \u00eatre dangereux et provoquer des br\u00fblures douloureuses sur la peau\u00a0\u00bb, ont rappel\u00e9 les autorit\u00e9s dans leur post.<\/p>\n<\/p>\n<p>Le petit animal marin peut mesurer jusqu\u2019\u00e0 4 centim\u00e8tres de long, flotte \u00e0 la surface de l\u2019eau et se laisse entra\u00eener par les courants, rappelle le m\u00e9dia. Il se nourrit de gal\u00e8res portugaises, stocke leur venin dans ses propres tissus et les r\u00e9utilise en cas de danger.<\/p>\n<p>R\u00e9sultat\u00a0: une piq\u00fbre peut entra\u00eener de vives br\u00fblures, naus\u00e9es, vomissements ou r\u00e9actions allergiques s\u00e9v\u00e8res. Et selon <a href=\"https:\/\/doris.ffessm.fr\/Especes\/Glaucus-atlanticus-Dragon-bleu-pelagique-4985\" rel=\"nofollow noopener\" target=\"_blank\" class=\"c-link c-link--is-underlined\">la base de donn\u00e9es DORIS<\/a>, cit\u00e9e par Actu.fr, les douleurs caus\u00e9es par les piq\u00fbres peuvent entra\u00eener une syncope et la mort par noyade des victimes.<\/p>\n<p>Les recommandations si vous tombez sur cet animal<\/p>\n<p>Le m\u00e9dia espagnol rappelle alors la n\u00e9cessit\u00e9 de maintenir une distance prudente si vous voyez un dragon bleu et d\u2019avertir imm\u00e9diatement les services de secours ou d\u2019urgence. Le contact direct avec le dragon bleu est d\u00e9conseill\u00e9 en toutes circonstances, car il peut provoquer des r\u00e9actions cutan\u00e9es douloureuses, semblables \u00e0 celles provoqu\u00e9es par une m\u00e9duse, souligne-t-il.<\/p>\n<p><a href=\"https:\/\/www.20minutes.fr\/dossier\/plage\" class=\"c-link c-btn c-btn--primary\" rel=\"nofollow noopener\" target=\"_blank\">Notre dossier sur les plages<\/a><\/p>\n<p>En cas de morsure ou de contact accidentel avec cet animal marin, il est recommand\u00e9 de laver la zone affect\u00e9e \u00e0 l\u2019eau sal\u00e9e, jamais \u00e0 l\u2019eau douce. Pour att\u00e9nuer l\u2019inflammation ou la douleur, il est recommand\u00e9 d\u2019appliquer localement du froid avec de la glace envelopp\u00e9e dans un linge.<\/p>\n","protected":false},"excerpt":{"rendered":"Plus t\u00f4t dans la semaine, la baignade a \u00e9t\u00e9 interdite \u00e0 Guardamar del Segura, dans la province d\u2019Alicante,&hellip;\n","protected":false},"author":2,"featured_media":341586,"comment_status":"","ping_status":"","sticky":false,"template":"","format":"standard","meta":{"footnotes":""},"categories":[5],"tags":[11,1867,123,1011,27,14,41236,6127,12,15656,52,28],"class_list":{"0":"post-341585","1":"post","2":"type-post","3":"status-publish","4":"format-standard","5":"has-post-thumbnail","7":"category-international","8":"tag-actualites","9":"tag-animaux","10":"tag-espagne","11":"tag-fr","12":"tag-france","13":"tag-international","14":"tag-majorque","15":"tag-mer","16":"tag-news","17":"tag-plage","18":"tag-planete","19":"tag-world"},"share_on_mastodon":{"url":"https:\/\/pubeurope.com\/@fr\/115086270453087727","error":""},"_links":{"self":[{"href":"https:\/\/www.europesays.com\/fr\/wp-json\/wp\/v2\/posts\/341585","targetHints":{"allow":["GET"]}}],"collection":[{"href":"https:\/\/www.europesays.com\/fr\/wp-json\/wp\/v2\/posts"}],"about":[{"href":"https:\/\/www.europesays.com\/fr\/wp-json\/wp\/v2\/types\/post"}],"author":[{"embeddable":true,"href":"https:\/\/www.europesays.com\/fr\/wp-json\/wp\/v2\/users\/2"}],"replies":[{"embeddable":true,"href":"https:\/\/www.europesays.com\/fr\/wp-json\/wp\/v2\/comments?post=341585"}],"version-history":[{"count":0,"href":"https:\/\/www.europesays.com\/fr\/wp-json\/wp\/v2\/posts\/341585\/revisions"}],"wp:featuredmedia":[{"embeddable":true,"href":"https:\/\/www.europesays.com\/fr\/wp-json\/wp\/v2\/media\/341586"}],"wp:attachment":[{"href":"https:\/\/www.europesays.com\/fr\/wp-json\/wp\/v2\/media?parent=341585"}],"wp:term":[{"taxonomy":"category","embeddable":true,"href":"https:\/\/www.europesays.com\/fr\/wp-json\/wp\/v2\/categories?post=341585"},{"taxonomy":"post_tag","embeddable":true,"href":"https:\/\/www.europesays.com\/fr\/wp-json\/wp\/v2\/tags?post=341585"}],"curies":[{"name":"wp","href":"https:\/\/api.w.org\/{rel}","templated":true}]}}