{"id":341590,"date":"2025-08-24T23:14:09","date_gmt":"2025-08-24T23:14:09","guid":{"rendered":"https:\/\/www.europesays.com\/fr\/341590\/"},"modified":"2025-08-24T23:14:09","modified_gmt":"2025-08-24T23:14:09","slug":"actualites-la-premiere-compagnie-sera-a-la-weva-actualite-illiwap-de-1ere-compagnie-des-archers-de-saint-etienne","status":"publish","type":"post","link":"https:\/\/www.europesays.com\/fr\/341590\/","title":{"rendered":"Actualit\u00e9s &#8211; La premi\u00e8re compagnie sera \u00e0 la WEVA &#8211; Actualit\u00e9 illiwap de 1\u00e8re compagnie des Archers de Saint-Etienne"},"content":{"rendered":"<p>Bonjour \u00e0 tous,<\/p>\n<p>J&rsquo;esp\u00e8re que vous passez un belle \u00e9t\u00e9 \ud83d\ude42 Dans 2 semaines se tiendra le Weekend de la Vie Associative au <a href=\"https:\/\/maps.app.goo.gl\/m7TYRVsDdA2FRx688\" rel=\"nofollow noopener\" target=\"_blank\">Parc Expo de Saint-\u00c9tienne<\/a>. <strong>Vous pourrez naturellement nous y retrouver dans le Hall A comme indiqu\u00e9 sur l\u2019image ci-dessous (emplacement en haut \u00e0 gauche).<\/strong><\/p>\n<p>Nous serons heureux de vous y accueillir et de r\u00e9pondre \u00e0 toutes vos questions. <strong>Le forum ouvre ses portes \u00e0 10h et les fermera \u00e0 18h, samedi 6 et dimanche 7 septembre.<\/strong> Un champ de tir sera \u00e9galement disponible o\u00f9 nous vous proposerons un petit essaie si vous le souhaitez.<\/p>\n<p>En esp\u00e9rant vous y retrouver,<br \/>Passez une bonne journ\u00e9e \ud83d\ude42<\/p>\n","protected":false},"excerpt":{"rendered":"Bonjour \u00e0 tous, J&rsquo;esp\u00e8re que vous passez un belle \u00e9t\u00e9 \ud83d\ude42 Dans 2 semaines se tiendra le Weekend&hellip;\n","protected":false},"author":2,"featured_media":341591,"comment_status":"","ping_status":"","sticky":false,"template":"","format":"standard","meta":{"footnotes":""},"categories":[9653],"tags":[1111,11,2430,1777,674,1011,27,12,25,4001],"class_list":{"0":"post-341590","1":"post","2":"type-post","3":"status-publish","4":"format-standard","5":"has-post-thumbnail","7":"category-saint-etienne","8":"tag-actu","9":"tag-actualites","10":"tag-auvergne-rhone-alpes","11":"tag-eu","12":"tag-europe","13":"tag-fr","14":"tag-france","15":"tag-news","16":"tag-republique-francaise","17":"tag-saint-etienne"},"share_on_mastodon":{"url":"https:\/\/pubeurope.com\/@fr\/115086286083850864","error":""},"_links":{"self":[{"href":"https:\/\/www.europesays.com\/fr\/wp-json\/wp\/v2\/posts\/341590","targetHints":{"allow":["GET"]}}],"collection":[{"href":"https:\/\/www.europesays.com\/fr\/wp-json\/wp\/v2\/posts"}],"about":[{"href":"https:\/\/www.europesays.com\/fr\/wp-json\/wp\/v2\/types\/post"}],"author":[{"embeddable":true,"href":"https:\/\/www.europesays.com\/fr\/wp-json\/wp\/v2\/users\/2"}],"replies":[{"embeddable":true,"href":"https:\/\/www.europesays.com\/fr\/wp-json\/wp\/v2\/comments?post=341590"}],"version-history":[{"count":0,"href":"https:\/\/www.europesays.com\/fr\/wp-json\/wp\/v2\/posts\/341590\/revisions"}],"wp:featuredmedia":[{"embeddable":true,"href":"https:\/\/www.europesays.com\/fr\/wp-json\/wp\/v2\/media\/341591"}],"wp:attachment":[{"href":"https:\/\/www.europesays.com\/fr\/wp-json\/wp\/v2\/media?parent=341590"}],"wp:term":[{"taxonomy":"category","embeddable":true,"href":"https:\/\/www.europesays.com\/fr\/wp-json\/wp\/v2\/categories?post=341590"},{"taxonomy":"post_tag","embeddable":true,"href":"https:\/\/www.europesays.com\/fr\/wp-json\/wp\/v2\/tags?post=341590"}],"curies":[{"name":"wp","href":"https:\/\/api.w.org\/{rel}","templated":true}]}}