{"id":341592,"date":"2025-08-24T23:18:11","date_gmt":"2025-08-24T23:18:11","guid":{"rendered":"https:\/\/www.europesays.com\/fr\/341592\/"},"modified":"2025-08-24T23:18:11","modified_gmt":"2025-08-24T23:18:11","slug":"olivier-beaudon-savoure-le-parcours-du-rc-toulon-en-super-sevens-il-y-a-une-superbe-ambiance-dans-le-groupe","status":"publish","type":"post","link":"https:\/\/www.europesays.com\/fr\/341592\/","title":{"rendered":"Olivier Beaudon savoure le parcours du RC Toulon en Super Sevens : \u00ab\u00a0Il y a une superbe ambiance dans le groupe !\u00a0\u00bb"},"content":{"rendered":"<p>\u00a0<\/p>\n<p>Samedi 23 ao\u00fbt, le Rugby Club Toulonnais a livr\u00e9 des prestations solides lors de la deuxi\u00e8me \u00e9tape de l\u2019In Extenso Supersevens disput\u00e9e \u00e0 Dax.<\/p>\n<p>Troisi\u00e8me \u00e0 l\u2019issue du tournoi, le RCT a confirm\u00e9 ses progr\u00e8s et s\u2019est rapproch\u00e9 d\u2019une qualification pour la grande finale pr\u00e9vue en f\u00e9vrier 2026 \u00e0 Paris La D\u00e9fense Arena.<\/p>\n<p>\u00c9limin\u00e9s pr\u00e9matur\u00e9ment en quart lors de la premi\u00e8re \u00e9tape, les Varois ont retenu la le\u00e7on.<\/p>\n<p>Face au Lou Rugby, ils ont fait preuve de caract\u00e8re en renversant une situation compromise. Men\u00e9s 5-14 \u00e0 la pause, ils ont inscrit deux essais transform\u00e9s dans les derni\u00e8res minutes gr\u00e2ce \u00e0 Dylan Chantreau, s\u2019imposant 19-14.<\/p>\n<p>Ce succ\u00e8s fondateur a servi de d\u00e9clic, avant une d\u00e9monstration en quart contre Montauban (17-0).<\/p>\n<p>En demi-finale, Toulon n\u2019a rien pu faire face \u00e0 Monaco, v\u00e9ritable rouleau compresseur de la comp\u00e9tition (7-31). Mais loin de baisser les bras, le RCT a su rebondir dans la petite finale. Oppos\u00e9s \u00e0 La Rochelle, les Rouge et Noir se sont impos\u00e9s 19-14, d\u00e9crochant une pr\u00e9cieuse troisi\u00e8me place.<\/p>\n<p><strong>Olivier Beaudon s\u2019est f\u00e9licit\u00e9 du chemin parcouru par son groupe dans les colonnes du journal r\u00e9gional <a href=\"https:\/\/www.varmatin.com\/sport\/le-rct-sur-le-podium-a-dax-lors-de-la-deuxieme-etape-du-supersevens-999189\" rel=\"nofollow noopener\" target=\"_blank\">Var-matin<\/a> :<\/strong><\/p>\n<p>\u00ab\u00a0On progresse. On a pu travailler toute la semaine ce qu\u2019il fallait et on arrive \u00e0 cr\u00e9er une vraie \u00e9quipe. \u00c0 7, \u00e7a se joue au mental, il faut aller chercher ce petit plus. On a fait les efforts et \u00e7a a pay\u00e9. Il y a une superbe ambiance dans le groupe.\u00a0\u00bb<\/p>\n<p>H\u00e9ros du jour, Dylan Chantreau a brill\u00e9 avec trois essais et plusieurs transformations.<\/p>\n<p>\u00c0 22 ans, le num\u00e9ro 10 du RCT a \u00e9t\u00e9 \u00e9lu homme de l\u2019\u00e9tape, symbolisant la mont\u00e9e en puissance de son \u00e9quipe.<\/p>\n","protected":false},"excerpt":{"rendered":"\u00a0 Samedi 23 ao\u00fbt, le Rugby Club Toulonnais a livr\u00e9 des prestations solides lors de la deuxi\u00e8me \u00e9tape&hellip;\n","protected":false},"author":2,"featured_media":341593,"comment_status":"","ping_status":"","sticky":false,"template":"","format":"standard","meta":{"footnotes":""},"categories":[9619],"tags":[1111,11,1777,674,1011,27,12,882,25,2310],"class_list":{"0":"post-341592","1":"post","2":"type-post","3":"status-publish","4":"format-standard","5":"has-post-thumbnail","7":"category-toulon","8":"tag-actu","9":"tag-actualites","10":"tag-eu","11":"tag-europe","12":"tag-fr","13":"tag-france","14":"tag-news","15":"tag-provence-alpes-cote-dazur","16":"tag-republique-francaise","17":"tag-toulon"},"share_on_mastodon":{"url":"https:\/\/pubeurope.com\/@fr\/115086301807155798","error":""},"_links":{"self":[{"href":"https:\/\/www.europesays.com\/fr\/wp-json\/wp\/v2\/posts\/341592","targetHints":{"allow":["GET"]}}],"collection":[{"href":"https:\/\/www.europesays.com\/fr\/wp-json\/wp\/v2\/posts"}],"about":[{"href":"https:\/\/www.europesays.com\/fr\/wp-json\/wp\/v2\/types\/post"}],"author":[{"embeddable":true,"href":"https:\/\/www.europesays.com\/fr\/wp-json\/wp\/v2\/users\/2"}],"replies":[{"embeddable":true,"href":"https:\/\/www.europesays.com\/fr\/wp-json\/wp\/v2\/comments?post=341592"}],"version-history":[{"count":0,"href":"https:\/\/www.europesays.com\/fr\/wp-json\/wp\/v2\/posts\/341592\/revisions"}],"wp:featuredmedia":[{"embeddable":true,"href":"https:\/\/www.europesays.com\/fr\/wp-json\/wp\/v2\/media\/341593"}],"wp:attachment":[{"href":"https:\/\/www.europesays.com\/fr\/wp-json\/wp\/v2\/media?parent=341592"}],"wp:term":[{"taxonomy":"category","embeddable":true,"href":"https:\/\/www.europesays.com\/fr\/wp-json\/wp\/v2\/categories?post=341592"},{"taxonomy":"post_tag","embeddable":true,"href":"https:\/\/www.europesays.com\/fr\/wp-json\/wp\/v2\/tags?post=341592"}],"curies":[{"name":"wp","href":"https:\/\/api.w.org\/{rel}","templated":true}]}}