{"id":341594,"date":"2025-08-24T23:19:10","date_gmt":"2025-08-24T23:19:10","guid":{"rendered":"https:\/\/www.europesays.com\/fr\/341594\/"},"modified":"2025-08-24T23:19:10","modified_gmt":"2025-08-24T23:19:10","slug":"previsions-du-lundi-25-aout-2025","status":"publish","type":"post","link":"https:\/\/www.europesays.com\/fr\/341594\/","title":{"rendered":"pr\u00e9visions du lundi 25 ao\u00fbt 2025"},"content":{"rendered":"<p>Aujourd&rsquo;hui, le thermom\u00e8tre affichera 22\u00b0C en moyenne \u00e0 Montpellier. On pr\u00e9voit des \u00e9claircies pour cette matin\u00e9e. Il va faire 23\u00b0C en moyenne. Un l\u00e9ger vent de nord-est sera ressenti par les habitants. Le soleil se montrerait plus t\u00f4t dans l&rsquo;apr\u00e8s-midi si des nuages ne g\u00eanaient pas sa venue. Des orages de faible intensit\u00e9 se d\u00e9clareront. Les maximales iront jusqu&rsquo;\u00e0 25\u00b0C et les minimales seront de 24\u00b0C. Des \u00e9claircies feront leur apparition dans la soir\u00e9e. Les temp\u00e9ratures avoisineront les 22\u00b0C. On pr\u00e9voit une nuit claire entre lundi et mardi.<\/p>\n<p>Demain, les Montpelli\u00e9rains vont pouvoir profiter d&rsquo;un soleil radieux. C&rsquo;est une hausse de quelques degr\u00e9s que vont enregistrer les temp\u00e9ratures. Les valeurs s&rsquo;\u00e9chelonneront entre 20 et 27\u00b0C. Un vent de nord-est rafra\u00eechira sensiblement l&rsquo;atmosph\u00e8re. Les temp\u00e9ratures iront de 21 \u00e0 27\u00b0C sur l&rsquo;ensemble de la matin\u00e9e. Demain apr\u00e8s-midi, les valeurs seront comprises entre 25 et 27\u00b0C. Les temp\u00e9ratures afficheront entre 22 et 23\u00b0C pendant la soir\u00e9e.<\/p>\n<p>Une d\u00e9gradation est pr\u00e9vue pour les jours \u00e0 venir. Le temps sera pluvieux avec des temp\u00e9ratures avoisinant 25\u00b0C.<\/p>\n<p><\/p>\n","protected":false},"excerpt":{"rendered":"Aujourd&rsquo;hui, le thermom\u00e8tre affichera 22\u00b0C en moyenne \u00e0 Montpellier. On pr\u00e9voit des \u00e9claircies pour cette matin\u00e9e. Il va&hellip;\n","protected":false},"author":2,"featured_media":341595,"comment_status":"","ping_status":"","sticky":false,"template":"","format":"standard","meta":{"footnotes":""},"categories":[9599],"tags":[1111,11,1777,674,1011,27,7089,2681,2208,12,2680,2119,25],"class_list":{"0":"post-341594","1":"post","2":"type-post","3":"status-publish","4":"format-standard","5":"has-post-thumbnail","7":"category-montpellier","8":"tag-actu","9":"tag-actualites","10":"tag-eu","11":"tag-europe","12":"tag-fr","13":"tag-france","14":"tag-herault","15":"tag-languedoc-roussillon","16":"tag-montpellier","17":"tag-news","18":"tag-occitanie","19":"tag-previsions-meteo","20":"tag-republique-francaise"},"share_on_mastodon":{"url":"https:\/\/pubeurope.com\/@fr\/115086305697135517","error":""},"_links":{"self":[{"href":"https:\/\/www.europesays.com\/fr\/wp-json\/wp\/v2\/posts\/341594","targetHints":{"allow":["GET"]}}],"collection":[{"href":"https:\/\/www.europesays.com\/fr\/wp-json\/wp\/v2\/posts"}],"about":[{"href":"https:\/\/www.europesays.com\/fr\/wp-json\/wp\/v2\/types\/post"}],"author":[{"embeddable":true,"href":"https:\/\/www.europesays.com\/fr\/wp-json\/wp\/v2\/users\/2"}],"replies":[{"embeddable":true,"href":"https:\/\/www.europesays.com\/fr\/wp-json\/wp\/v2\/comments?post=341594"}],"version-history":[{"count":0,"href":"https:\/\/www.europesays.com\/fr\/wp-json\/wp\/v2\/posts\/341594\/revisions"}],"wp:featuredmedia":[{"embeddable":true,"href":"https:\/\/www.europesays.com\/fr\/wp-json\/wp\/v2\/media\/341595"}],"wp:attachment":[{"href":"https:\/\/www.europesays.com\/fr\/wp-json\/wp\/v2\/media?parent=341594"}],"wp:term":[{"taxonomy":"category","embeddable":true,"href":"https:\/\/www.europesays.com\/fr\/wp-json\/wp\/v2\/categories?post=341594"},{"taxonomy":"post_tag","embeddable":true,"href":"https:\/\/www.europesays.com\/fr\/wp-json\/wp\/v2\/tags?post=341594"}],"curies":[{"name":"wp","href":"https:\/\/api.w.org\/{rel}","templated":true}]}}