{"id":341599,"date":"2025-08-24T23:27:16","date_gmt":"2025-08-24T23:27:16","guid":{"rendered":"https:\/\/www.europesays.com\/fr\/341599\/"},"modified":"2025-08-24T23:27:16","modified_gmt":"2025-08-24T23:27:16","slug":"nouvelle-rixe-au-couteau-a-grenoble-un-homme-grievement-blesse-2","status":"publish","type":"post","link":"https:\/\/www.europesays.com\/fr\/341599\/","title":{"rendered":"Nouvelle rixe au couteau \u00e0 Grenoble : un homme gri\u00e8vement bless\u00e9"},"content":{"rendered":"<p>Les secours sont intervenus en urgence vers 6h au niveau du 8 rue Emile Gueymard \u00e0 Grenoble pour prendre en charge un homme de 25 ans victime d&rsquo;une agression \u00e0 l&rsquo;arme blanche. Il avait \u00e9t\u00e9 poignard\u00e9 au thorax.<\/p>\n<p>Gri\u00e8vement bless\u00e9, il a \u00e9t\u00e9 ensuite hospitalis\u00e9 au CHU Grenoble Alpes.<\/p>\n<p>Sur place, les policiers ont constat\u00e9 qu&rsquo;un v\u00e9hicule avait \u00e9t\u00e9 abandonn\u00e9 et que ses pneus \u00e9taient crev\u00e9s. Ses porti\u00e8res ouvertes laissent aussi \u00e0 penser qu&rsquo;il y avait plusieurs individus \u00e0 l&rsquo;int\u00e9rieur.<\/p>\n<p>Pour d\u00e9m\u00ealer cette affaire, les enqu\u00eateurs auront probablement besoin de pouvoir auditionner la victime.<\/p>\n","protected":false},"excerpt":{"rendered":"Les secours sont intervenus en urgence vers 6h au niveau du 8 rue Emile Gueymard \u00e0 Grenoble pour&hellip;\n","protected":false},"author":2,"featured_media":340254,"comment_status":"","ping_status":"","sticky":false,"template":"","format":"standard","meta":{"footnotes":""},"categories":[9566],"tags":[1111,11,2813,2430,1109,251,1112,2811,1777,674,118,1011,27,21780,2731,14004,1922,1110,1114,108,12,316,25,2812,517,800],"class_list":{"0":"post-341599","1":"post","2":"type-post","3":"status-publish","4":"format-standard","5":"has-post-thumbnail","7":"category-grenoble","8":"tag-actu","9":"tag-actualites","10":"tag-article","11":"tag-auvergne-rhone-alpes","12":"tag-breves","13":"tag-culture","14":"tag-depeches","15":"tag-economique","16":"tag-eu","17":"tag-europe","18":"tag-faits-divers","19":"tag-fr","20":"tag-france","21":"tag-gf38","22":"tag-grenoble","23":"tag-grenoblemag","24":"tag-info","25":"tag-informations","26":"tag-infos","27":"tag-isere","28":"tag-news","29":"tag-politique","30":"tag-republique-francaise","31":"tag-sociale","32":"tag-sport","33":"tag-transports"},"share_on_mastodon":{"url":"https:\/\/pubeurope.com\/@fr\/115086337274608952","error":""},"_links":{"self":[{"href":"https:\/\/www.europesays.com\/fr\/wp-json\/wp\/v2\/posts\/341599","targetHints":{"allow":["GET"]}}],"collection":[{"href":"https:\/\/www.europesays.com\/fr\/wp-json\/wp\/v2\/posts"}],"about":[{"href":"https:\/\/www.europesays.com\/fr\/wp-json\/wp\/v2\/types\/post"}],"author":[{"embeddable":true,"href":"https:\/\/www.europesays.com\/fr\/wp-json\/wp\/v2\/users\/2"}],"replies":[{"embeddable":true,"href":"https:\/\/www.europesays.com\/fr\/wp-json\/wp\/v2\/comments?post=341599"}],"version-history":[{"count":0,"href":"https:\/\/www.europesays.com\/fr\/wp-json\/wp\/v2\/posts\/341599\/revisions"}],"wp:featuredmedia":[{"embeddable":true,"href":"https:\/\/www.europesays.com\/fr\/wp-json\/wp\/v2\/media\/340254"}],"wp:attachment":[{"href":"https:\/\/www.europesays.com\/fr\/wp-json\/wp\/v2\/media?parent=341599"}],"wp:term":[{"taxonomy":"category","embeddable":true,"href":"https:\/\/www.europesays.com\/fr\/wp-json\/wp\/v2\/categories?post=341599"},{"taxonomy":"post_tag","embeddable":true,"href":"https:\/\/www.europesays.com\/fr\/wp-json\/wp\/v2\/tags?post=341599"}],"curies":[{"name":"wp","href":"https:\/\/api.w.org\/{rel}","templated":true}]}}