{"id":341600,"date":"2025-08-24T23:28:11","date_gmt":"2025-08-24T23:28:11","guid":{"rendered":"https:\/\/www.europesays.com\/fr\/341600\/"},"modified":"2025-08-24T23:28:11","modified_gmt":"2025-08-24T23:28:11","slug":"bricologie-letage-le-liberte-rennes-12-avril-2026","status":"publish","type":"post","link":"https:\/\/www.europesays.com\/fr\/341600\/","title":{"rendered":"Bricologie L\u2019\u00c9tage \/ Le Libert\u00e9 Rennes 12 avril 2026"},"content":{"rendered":"\n<p>\t<img loading=\"lazy\" width=\"700\" height=\"761\" src=\"https:\/\/www.europesays.com\/fr\/wp-content\/uploads\/2025\/08\/bricologie-letage-le-liberte-rennes-2026-04-12t150000.0000200.jpg\" class=\"attachment-full size-full wp-post-image lazy\" alt=\"Bricologie L'\u00c9tage \/ Le Libert\u00e9 Rennes\" decoding=\"async\"  data-\/><br \/>\n\t\t<strong>Bricologie L\u2019\u00c9tage \/ Le Libert\u00e9 Rennes dimanche 12 avril 2026.<\/strong> <\/p>\n<p>Bricologie L\u2019\u00c9tage \/ Le Libert\u00e9 Rennes Dimanche 12 avril 2026, 15h00, 17h00 De 4.50 \u00e0 9 \u20ac<\/p>\n<p>Un spectacle hybride entre conf\u00e9rence, performance et concert, pour un musicien accompagn\u00e9 de ses 48 instruments DIY in\u00e9dits.<\/p>\n<p>**Musicien bricoleur, invite et invente des instruments traditionnels en mat\u00e9riaux inhabituels dans son spectacle.**<br \/>Nicolas Bras cr\u00e9e autour de ses instruments DIY, un folklore imaginaire et ouvre une fen\u00eatre ludiquement pointue sur l\u2019organologie et l\u2019acoustique en donnant vie \u00e0 des tuyaux en plastique et autres objets de r\u00e9cup\u00e9ration habilement d\u00e9tourn\u00e9s.<br \/>Un spectacle hybride entre conf\u00e9rence, performance et concert, pour un musicien accompagn\u00e9 de ses 48 instruments DIY in\u00e9dits.<br \/>_Dans le cadre de Dimanche \u00e0 Rennes et des Petits Dimanches \u00e0 L\u2019\u00c9tage_<\/p>\n<p>Dates et horaires de d\u00e9but et de fin (ann\u00e9e \u2013 mois \u2013 jour et heure) :<br \/>D\u00e9but : 2026-04-12T15:00:00.000+02:00<br \/>Fin : 2026-04-12T18:00:00.000+02:00<\/p>\n<p>  1<br \/>\u00a0https:\/\/leliberte.fr\/spectacles\/bricologie\/ https:\/\/billetterie.gosselico.fr\/liberte\/bricologie\/  <\/p>\n<p>L\u2019\u00c9tage \/ Le Libert\u00e9 1, esplanade Charles de Gaulle Centre Rennes 35000 Ille-et-Vilaine<\/p>\n","protected":false},"excerpt":{"rendered":"Bricologie L\u2019\u00c9tage \/ Le Libert\u00e9 Rennes dimanche 12 avril 2026. Bricologie L\u2019\u00c9tage \/ Le Libert\u00e9 Rennes Dimanche 12&hellip;\n","protected":false},"author":2,"featured_media":341601,"comment_status":"","ping_status":"","sticky":false,"template":"","format":"standard","meta":{"footnotes":""},"categories":[2821],"tags":[1111,11,829,1777,674,1011,27,12,584,25],"class_list":{"0":"post-341600","1":"post","2":"type-post","3":"status-publish","4":"format-standard","5":"has-post-thumbnail","7":"category-rennes","8":"tag-actu","9":"tag-actualites","10":"tag-bretagne","11":"tag-eu","12":"tag-europe","13":"tag-fr","14":"tag-france","15":"tag-news","16":"tag-rennes","17":"tag-republique-francaise"},"share_on_mastodon":{"url":"https:\/\/pubeurope.com\/@fr\/115086341650370918","error":""},"_links":{"self":[{"href":"https:\/\/www.europesays.com\/fr\/wp-json\/wp\/v2\/posts\/341600","targetHints":{"allow":["GET"]}}],"collection":[{"href":"https:\/\/www.europesays.com\/fr\/wp-json\/wp\/v2\/posts"}],"about":[{"href":"https:\/\/www.europesays.com\/fr\/wp-json\/wp\/v2\/types\/post"}],"author":[{"embeddable":true,"href":"https:\/\/www.europesays.com\/fr\/wp-json\/wp\/v2\/users\/2"}],"replies":[{"embeddable":true,"href":"https:\/\/www.europesays.com\/fr\/wp-json\/wp\/v2\/comments?post=341600"}],"version-history":[{"count":0,"href":"https:\/\/www.europesays.com\/fr\/wp-json\/wp\/v2\/posts\/341600\/revisions"}],"wp:featuredmedia":[{"embeddable":true,"href":"https:\/\/www.europesays.com\/fr\/wp-json\/wp\/v2\/media\/341601"}],"wp:attachment":[{"href":"https:\/\/www.europesays.com\/fr\/wp-json\/wp\/v2\/media?parent=341600"}],"wp:term":[{"taxonomy":"category","embeddable":true,"href":"https:\/\/www.europesays.com\/fr\/wp-json\/wp\/v2\/categories?post=341600"},{"taxonomy":"post_tag","embeddable":true,"href":"https:\/\/www.europesays.com\/fr\/wp-json\/wp\/v2\/tags?post=341600"}],"curies":[{"name":"wp","href":"https:\/\/api.w.org\/{rel}","templated":true}]}}