{"id":341602,"date":"2025-08-24T23:29:11","date_gmt":"2025-08-24T23:29:11","guid":{"rendered":"https:\/\/www.europesays.com\/fr\/341602\/"},"modified":"2025-08-24T23:29:11","modified_gmt":"2025-08-24T23:29:11","slug":"previsions-du-lundi-25-aout-2025-2","status":"publish","type":"post","link":"https:\/\/www.europesays.com\/fr\/341602\/","title":{"rendered":"pr\u00e9visions du lundi 25 ao\u00fbt 2025"},"content":{"rendered":"<p>\u00c0 Rennes les temp\u00e9ratures s&rsquo;\u00e9chelonneront de 15 \u00e0 34\u00b0C sur l&rsquo;ensemble de la journ\u00e9e. Un vent de sud-est soufflera l\u00e9g\u00e8rement, avec 15 km\/h. La m\u00e9t\u00e9o va doucement s&rsquo;am\u00e9liorer dans la matin\u00e9e et laisser place \u00e0 des \u00e9claircies. Les importantes chaleurs sont pr\u00e9sentes. Avec des valeurs \u00e9chelonn\u00e9es entre 15 et 30\u00b0C. Le mercure affichera 23\u00b0C en moyenne. Le soleil sera dominant, la promesse d&rsquo;un magnifique apr\u00e8s-midi ! Les temp\u00e9ratures vont conna\u00eetre une augmentation de plusieurs degr\u00e9s. La ville va p\u00e2tir des grosses chaleurs avec des temp\u00e9ratures qui pourraient grimper \u00e0 34\u00b0C. On passera de lundi \u00e0 mardi par une nuit claire.<\/p>\n<p>Demain, les temp\u00e9ratures vont chuter de quelques degr\u00e9s \u00e0 Rennes. Les valeurs s&rsquo;\u00e9chelonneront entre 14 et 29\u00b0C. Une petite brise de sud-ouest sera ressentie par les habitants. On pr\u00e9voit des \u00e9claircies pour cette matin\u00e9e. Le soleil sera au rendez-vous : un bel apr\u00e8s-midi se pr\u00e9sente ! L&rsquo;air ambiant va se r\u00e9chauffer avec une hausse de plusieurs degr\u00e9s. Les temp\u00e9ratures seront de 23\u00b0C au minimum et de 29\u00b0C au maximum. Le ciel va peu \u00e0 peu se voiler au cours de la soir\u00e9e avec l&rsquo;apparition de nuages.<\/p>\n<p>Des conditions m\u00e9t\u00e9orologiques instables sont pr\u00e9vues les prochains jours. Mercredi, la m\u00e9t\u00e9o sera pluvieuse tandis qu&rsquo;une am\u00e9lioration est attendue jeudi.<\/p>\n<p><\/p>\n","protected":false},"excerpt":{"rendered":"\u00c0 Rennes les temp\u00e9ratures s&rsquo;\u00e9chelonneront de 15 \u00e0 34\u00b0C sur l&rsquo;ensemble de la journ\u00e9e. Un vent de sud-est&hellip;\n","protected":false},"author":2,"featured_media":341603,"comment_status":"","ping_status":"","sticky":false,"template":"","format":"standard","meta":{"footnotes":""},"categories":[2821],"tags":[1111,11,829,1777,674,1011,27,848,12,2119,584,25],"class_list":{"0":"post-341602","1":"post","2":"type-post","3":"status-publish","4":"format-standard","5":"has-post-thumbnail","7":"category-rennes","8":"tag-actu","9":"tag-actualites","10":"tag-bretagne","11":"tag-eu","12":"tag-europe","13":"tag-fr","14":"tag-france","15":"tag-ille-et-vilaine","16":"tag-news","17":"tag-previsions-meteo","18":"tag-rennes","19":"tag-republique-francaise"},"share_on_mastodon":{"url":"https:\/\/pubeurope.com\/@fr\/115086345094611987","error":""},"_links":{"self":[{"href":"https:\/\/www.europesays.com\/fr\/wp-json\/wp\/v2\/posts\/341602","targetHints":{"allow":["GET"]}}],"collection":[{"href":"https:\/\/www.europesays.com\/fr\/wp-json\/wp\/v2\/posts"}],"about":[{"href":"https:\/\/www.europesays.com\/fr\/wp-json\/wp\/v2\/types\/post"}],"author":[{"embeddable":true,"href":"https:\/\/www.europesays.com\/fr\/wp-json\/wp\/v2\/users\/2"}],"replies":[{"embeddable":true,"href":"https:\/\/www.europesays.com\/fr\/wp-json\/wp\/v2\/comments?post=341602"}],"version-history":[{"count":0,"href":"https:\/\/www.europesays.com\/fr\/wp-json\/wp\/v2\/posts\/341602\/revisions"}],"wp:featuredmedia":[{"embeddable":true,"href":"https:\/\/www.europesays.com\/fr\/wp-json\/wp\/v2\/media\/341603"}],"wp:attachment":[{"href":"https:\/\/www.europesays.com\/fr\/wp-json\/wp\/v2\/media?parent=341602"}],"wp:term":[{"taxonomy":"category","embeddable":true,"href":"https:\/\/www.europesays.com\/fr\/wp-json\/wp\/v2\/categories?post=341602"},{"taxonomy":"post_tag","embeddable":true,"href":"https:\/\/www.europesays.com\/fr\/wp-json\/wp\/v2\/tags?post=341602"}],"curies":[{"name":"wp","href":"https:\/\/api.w.org\/{rel}","templated":true}]}}