{"id":341604,"date":"2025-08-24T23:30:14","date_gmt":"2025-08-24T23:30:14","guid":{"rendered":"https:\/\/www.europesays.com\/fr\/341604\/"},"modified":"2025-08-24T23:30:14","modified_gmt":"2025-08-24T23:30:14","slug":"previsions-du-lundi-25-aout-2025-3","status":"publish","type":"post","link":"https:\/\/www.europesays.com\/fr\/341604\/","title":{"rendered":"pr\u00e9visions du lundi 25 ao\u00fbt 2025"},"content":{"rendered":"<p>Cette journ\u00e9e sera synonyme de grand soleil pour Strasbourg. Il va faire 19\u00b0C en moyenne. Le matin, le thermom\u00e8tre affichera 19\u00b0C en moyenne. Un l\u00e9ger vent de nord-est sera ressenti par les habitants. Le temps va se r\u00e9chauffer l&rsquo;apr\u00e8s-midi avec une augmentation de plusieurs degr\u00e9s. Les temp\u00e9ratures afficheront entre 25 et 27\u00b0C. Pendant que vous dormirez, dans la nuit de lundi \u00e0 mardi, le ciel sera clair.<\/p>\n<p>Un beau soleil est pr\u00e9vu demain \u00e0 Strasbourg. C&rsquo;est une hausse de quelques degr\u00e9s que vont enregistrer les temp\u00e9ratures. La p\u00e9riode d&rsquo;importantes chaleurs est bien l\u00e0, avec des valeurs qui risqueront de monter jusqu&rsquo;\u00e0 32\u00b0C. Les temp\u00e9ratures seront comprises entre 14 et 32\u00b0C. Un vent de sud rafra\u00eechira l\u00e9g\u00e8rement l&rsquo;atmosph\u00e8re. Le matin, on anticipe des valeurs d&rsquo;environ 23\u00b0C. Les temp\u00e9ratures vont conna\u00eetre une augmentation de plusieurs degr\u00e9s dans l&rsquo;apr\u00e8s-midi. La ville va subir un passage de fortes chaleurs avec des temp\u00e9ratures qui atteindront parfois les 32\u00b0C. La ville aura quelques \u00e9claircies demain soir.<\/p>\n<p>La m\u00e9t\u00e9o des journ\u00e9es qui suivent va changer peu \u00e0 peu. Les conditions m\u00e9t\u00e9orologiques persisteront mercredi mais une d\u00e9gradation s&rsquo;ensuivra jeudi.<\/p>\n<p><\/p>\n","protected":false},"excerpt":{"rendered":"Cette journ\u00e9e sera synonyme de grand soleil pour Strasbourg. Il va faire 19\u00b0C en moyenne. Le matin, le&hellip;\n","protected":false},"author":2,"featured_media":341605,"comment_status":"","ping_status":"","sticky":false,"template":"","format":"standard","meta":{"footnotes":""},"categories":[2820],"tags":[1111,11,1777,674,1011,27,775,12,2119,25,640],"class_list":{"0":"post-341604","1":"post","2":"type-post","3":"status-publish","4":"format-standard","5":"has-post-thumbnail","7":"category-strasbourg","8":"tag-actu","9":"tag-actualites","10":"tag-eu","11":"tag-europe","12":"tag-fr","13":"tag-france","14":"tag-grand-est","15":"tag-news","16":"tag-previsions-meteo","17":"tag-republique-francaise","18":"tag-strasbourg"},"share_on_mastodon":{"url":"https:\/\/pubeurope.com\/@fr\/115086349202768359","error":""},"_links":{"self":[{"href":"https:\/\/www.europesays.com\/fr\/wp-json\/wp\/v2\/posts\/341604","targetHints":{"allow":["GET"]}}],"collection":[{"href":"https:\/\/www.europesays.com\/fr\/wp-json\/wp\/v2\/posts"}],"about":[{"href":"https:\/\/www.europesays.com\/fr\/wp-json\/wp\/v2\/types\/post"}],"author":[{"embeddable":true,"href":"https:\/\/www.europesays.com\/fr\/wp-json\/wp\/v2\/users\/2"}],"replies":[{"embeddable":true,"href":"https:\/\/www.europesays.com\/fr\/wp-json\/wp\/v2\/comments?post=341604"}],"version-history":[{"count":0,"href":"https:\/\/www.europesays.com\/fr\/wp-json\/wp\/v2\/posts\/341604\/revisions"}],"wp:featuredmedia":[{"embeddable":true,"href":"https:\/\/www.europesays.com\/fr\/wp-json\/wp\/v2\/media\/341605"}],"wp:attachment":[{"href":"https:\/\/www.europesays.com\/fr\/wp-json\/wp\/v2\/media?parent=341604"}],"wp:term":[{"taxonomy":"category","embeddable":true,"href":"https:\/\/www.europesays.com\/fr\/wp-json\/wp\/v2\/categories?post=341604"},{"taxonomy":"post_tag","embeddable":true,"href":"https:\/\/www.europesays.com\/fr\/wp-json\/wp\/v2\/tags?post=341604"}],"curies":[{"name":"wp","href":"https:\/\/api.w.org\/{rel}","templated":true}]}}