{"id":341606,"date":"2025-08-24T23:31:42","date_gmt":"2025-08-24T23:31:42","guid":{"rendered":"https:\/\/www.europesays.com\/fr\/341606\/"},"modified":"2025-08-24T23:31:42","modified_gmt":"2025-08-24T23:31:42","slug":"pourquoi-emegha-na-pas-celebre-son-but","status":"publish","type":"post","link":"https:\/\/www.europesays.com\/fr\/341606\/","title":{"rendered":"Pourquoi Emegha n&rsquo;a pas c\u00e9l\u00e9br\u00e9 son but"},"content":{"rendered":"<p class=\"date\">\n                                                            Thomas Siniecki, Media365 : publi\u00e9 le dimanche 24 ao\u00fbt 2025 \u00e0 19h56\n                                                    <\/p>\n<p>C&rsquo;est aussi \u00e7a, l&rsquo;exigence d&rsquo;un grand attaquant de haut niveau : le loup\u00e9 est presque plus important que la r\u00e9ussite.<\/p>\n<p>Emanuel Emegha, seulement entr\u00e9 en jeu \u00e0 la pause, n&rsquo;a tellement pas f\u00eat\u00e9 son but de la victoire dimanche en fin de match contre Nantes (1-0) qu&rsquo;on a cru qu&rsquo;il \u00e9tait hors-jeu. Il y a d&rsquo;ailleurs bien eu une v\u00e9rification vid\u00e9o, mais ce n&rsquo;est pas pour cette raison que seuls ses co\u00e9quipiers s&rsquo;excitaient autour de lui, presque \u00e0 le bousculer tant il restait inerte : \u00ab\u00a0Je respectais mon rat\u00e9 pr\u00e9c\u00e9dent, j&rsquo;aurais d\u00fb marquer. J&rsquo;\u00e9tais heureux, mais il fallait rester concentr\u00e9.\u00a0\u00bb<\/p>\n<p>\u00ab\u00a0Je ne dois pas rater une occasion pareille, \u00e7a ne m&rsquo;est jamais arriv\u00e9 !\u00a0\u00bb<\/p>\n<p>Cette occasion manqu\u00e9e n&rsquo;avait eu lieu que 90 secondes plus t\u00f4t et <a href=\"https:\/\/sports.orange.fr\/football\/ligue-1\/strasbourg\/article\/strasbourg-emegha-sur-le-point-de-rester-une-annee-de-plus-CNT000002jgqwL.html\" rel=\"nofollow noopener\" target=\"_blank\">l&rsquo;attaquant n\u00e9erlandais de 22 ans, nouveau capitaine du RCSA<\/a>, peinait toujours \u00e0 s&rsquo;en remettre m\u00eame plusieurs dizaines de minutes apr\u00e8s le coup de sifflet final (sur Ligue 1+) : \u00ab\u00a0Le football, c&rsquo;est juste mental. J&rsquo;ai relev\u00e9 la t\u00eate. Je me suis dit que soit c&rsquo;\u00e9tait fini, soit je marquais sur la prochaine, et c&rsquo;est ce que j&rsquo;ai fait. C&rsquo;\u00e9tait une super attaque. Mais normalement, je ne dois pas rater une occasion pareille, \u00e7a ne m&rsquo;est jamais arriv\u00e9 !\u00a0\u00bb Rien que \u00e7a. Cependant, rater l&rsquo;immanquable \u00e0 un m\u00e8tre du but, c&rsquo;est vrai que \u00e7a a de quoi travailler un avant-centre.<\/p>\n<p>\u00ab\u00a0Pourtant, le ballon de mon but \u00e9tait beaucoup plus dur, mais c&rsquo;est la vie, c&rsquo;est le football.\u00a0\u00bb Cette fois, <a href=\"https:\/\/sports.orange.fr\/football\/ligue-1\/debrief\/ligue-1-j2-strasbourg-fait-le-plein-face-a-nantes-CNT000002kklq1.html\" rel=\"nofollow noopener\" target=\"_blank\">c&rsquo;est de la t\u00eate qu&rsquo;il est venu couper un centre au point de penalty pour d\u00e9croiser parfaitement sa t\u00eate<\/a> hors de port\u00e9e d&rsquo;Anthony Lopes, \u00e0 la 81e minute. \u00ab\u00a0On pense \u00e0 chaque fois uniquement au match qui arrive, mais quand on gagne, il faut profiter quand m\u00eame. Je suis tr\u00e8s content car j&rsquo;ai rat\u00e9 des occasions la saison derni\u00e8re et \u00e7a fait du bien de marquer le premier.\u00a0\u00bb Et m\u00eame si Diego Moreira effectuait son retour, ce dernier a vite confirm\u00e9 que le cri de guerre du soir serait bien pour \u00ab\u00a0Ema\u00a0\u00bb : \u00ab\u00a0Il fait \u00e7a tr\u00e8s bien !\u00a0\u00bb Et dans ce domaine aussi, mieux vaut ne pas se rater.<\/p>\n","protected":false},"excerpt":{"rendered":"Thomas Siniecki, Media365 : publi\u00e9 le dimanche 24 ao\u00fbt 2025 \u00e0 19h56 C&rsquo;est aussi \u00e7a, l&rsquo;exigence d&rsquo;un grand&hellip;\n","protected":false},"author":2,"featured_media":341607,"comment_status":"","ping_status":"","sticky":false,"template":"","format":"standard","meta":{"footnotes":""},"categories":[2820],"tags":[1111,11,1777,674,1011,27,775,12,25,640],"class_list":{"0":"post-341606","1":"post","2":"type-post","3":"status-publish","4":"format-standard","5":"has-post-thumbnail","7":"category-strasbourg","8":"tag-actu","9":"tag-actualites","10":"tag-eu","11":"tag-europe","12":"tag-fr","13":"tag-france","14":"tag-grand-est","15":"tag-news","16":"tag-republique-francaise","17":"tag-strasbourg"},"share_on_mastodon":{"url":"https:\/\/pubeurope.com\/@fr\/115086352905069861","error":""},"_links":{"self":[{"href":"https:\/\/www.europesays.com\/fr\/wp-json\/wp\/v2\/posts\/341606","targetHints":{"allow":["GET"]}}],"collection":[{"href":"https:\/\/www.europesays.com\/fr\/wp-json\/wp\/v2\/posts"}],"about":[{"href":"https:\/\/www.europesays.com\/fr\/wp-json\/wp\/v2\/types\/post"}],"author":[{"embeddable":true,"href":"https:\/\/www.europesays.com\/fr\/wp-json\/wp\/v2\/users\/2"}],"replies":[{"embeddable":true,"href":"https:\/\/www.europesays.com\/fr\/wp-json\/wp\/v2\/comments?post=341606"}],"version-history":[{"count":0,"href":"https:\/\/www.europesays.com\/fr\/wp-json\/wp\/v2\/posts\/341606\/revisions"}],"wp:featuredmedia":[{"embeddable":true,"href":"https:\/\/www.europesays.com\/fr\/wp-json\/wp\/v2\/media\/341607"}],"wp:attachment":[{"href":"https:\/\/www.europesays.com\/fr\/wp-json\/wp\/v2\/media?parent=341606"}],"wp:term":[{"taxonomy":"category","embeddable":true,"href":"https:\/\/www.europesays.com\/fr\/wp-json\/wp\/v2\/categories?post=341606"},{"taxonomy":"post_tag","embeddable":true,"href":"https:\/\/www.europesays.com\/fr\/wp-json\/wp\/v2\/tags?post=341606"}],"curies":[{"name":"wp","href":"https:\/\/api.w.org\/{rel}","templated":true}]}}