{"id":341608,"date":"2025-08-24T23:33:19","date_gmt":"2025-08-24T23:33:19","guid":{"rendered":"https:\/\/www.europesays.com\/fr\/341608\/"},"modified":"2025-08-24T23:33:19","modified_gmt":"2025-08-24T23:33:19","slug":"voici-les-villes-des-alpes-maritimes-les-plus-menacees-par-le-rechauffement-climatique","status":"publish","type":"post","link":"https:\/\/www.europesays.com\/fr\/341608\/","title":{"rendered":"Voici les villes des Alpes-Maritimes les plus menac\u00e9es par le r\u00e9chauffement climatique"},"content":{"rendered":"<p>            Par<br \/>\n        <strong><br \/>\n            <a href=\"https:\/\/actu.fr\/auteur\/famenta-news\" title=\"Consulter tous les articles de Florine Amenta\" target=\"_blank\" rel=\"noopener\">Florine Amenta<\/a><br \/>\n        <\/strong><\/p>\n<p>        Publi\u00e9 le<\/p>\n<p>            24 ao\u00fbt 2025 \u00e0 7h12        <\/p>\n<p>L\u2019\u00e9t\u00e9 est, cette ann\u00e9e encore, suffoquant. <a href=\"https:\/\/actu.fr\/nice\/\" target=\"_blank\" rel=\"noopener\">Nice<\/a> et les villes des <a href=\"https:\/\/actu.fr\/provence-alpes-cote-d-azur\/alpes-maritimes_06\" target=\"_blank\" rel=\"noopener\">Alpes-Maritimes<\/a> sont parmi les communes les plus expos\u00e9es \u00e0 ce genre de ph\u00e9nom\u00e8nes li\u00e9s au r\u00e9chauffement climatique. Entre les \u00e9pisodes de <a href=\"https:\/\/actu.fr\/provence-alpes-cote-d-azur\/nice_06088\/canicule-a-nice-pourquoi-la-temperature-ne-va-presque-pas-baisser-la-nuit_63022928.html\" target=\"_blank\" rel=\"noopener\">canicule<\/a> et les temp\u00e9ratures en hausse, y aura-t-il bient\u00f4t <strong>des r\u00e9fugi\u00e9s climatiques entre les r\u00e9gions fran\u00e7aises<\/strong> ?\u00a0C\u2019est la question que s\u2019est pos\u00e9 <a href=\"https:\/\/www.leparisien.fr\/environnement\/climat\/ou-vivre-face-au-changement-climatique-notre-classement-exclusif-des-villes-francaises-les-plus-et-moins-menacees-18-08-2025-PYCK5FL7A5GM7FHEX2GS5WX4SE.php#:~:text=position%20dans%20notre-,classement,-.\" target=\"_blank\" rel=\"noopener\">Le Parisien<\/a>. Le quotidien a ainsi \u00e9tabli le classement des villes <strong>les plus expos\u00e9es aux effets du r\u00e9chauffement climatique.<\/strong> Leur palmar\u00e8s a \u00e9t\u00e9 publi\u00e9 le 18 ao\u00fbt. Voici les r\u00e9sultats.\u00a0<\/p>\n<p>Chaleur, incendie et submersion marine\u00a0<\/p>\n<p class=\" wall-content\">En se basant sur des donn\u00e9es de M\u00e9t\u00e9o-France, Le Parisien a pris en compte <strong>la temp\u00e9rature moyenne en 2050 et en 2100<\/strong>, le nombre de jours de tr\u00e8s forte chaleur et le nombre de <strong>nuits tropicales<\/strong>, ainsi que le risque de submersion marine et de feux de for\u00eat. Cela inclut la pr\u00e9sence de zones bois\u00e9es \u00e0 proximit\u00e9.<\/p>\n<p class=\" wall-content\">Si le m\u00e9dia pr\u00e9cise qu\u2019<strong>aucune ville n\u2019\u00e9chappe \u00e0 la hausse des temp\u00e9ratures<\/strong> et \u00e0 la baisse du nombre de jours de pr\u00e9cipitations, certains lieux sont particuli\u00e8rement touch\u00e9s. Aucune ville des Alpes-Maritimes n\u2019appara\u00eet dans le top 10 des pires zones. Mais quatre se trouvent dans les Bouches-du-Rh\u00f4ne, notamment <a href=\"https:\/\/actu.fr\/provence-alpes-cote-d-azur\/marseille_13055\/meteo-a-marseille-pourquoi-la-canicule-d-aout-2025-a-ete-plus-intense-que-celle-de-2003_63050448.html\" target=\"_blank\" rel=\"noopener\">Marseille<\/a>, \u00e0 la 3e position.<\/p>\n<p class=\" wall-content\">Les villes les mieux loties sont majoritairement <strong>au nord-ouest du pays<\/strong>, dans le Finist\u00e8re et en Bretagne. Les temp\u00e9ratures y sont et y seront moins hautes qu\u2019ailleurs dans l\u2019Hexagone.\u00a0<\/p>\n<p>Le Sud-Est parmi les plus expos\u00e9s\u00a0<\/p>\n<p class=\" wall-content\">Fin 2024, M\u00e9t\u00e9o-France pr\u00e9disait qu\u2019\u00e0 Nice, d\u2019ici \u00e0 2100<strong>,\u00a05 degr\u00e9s s\u2019ajouteraient aux temp\u00e9ratures<\/strong> estivales actuelles. Sans prendre en compte les mesures mises en place par les collectivit\u00e9s, Le Parisien a donc <strong>\u00e9tabli une note globale sur 20 points<\/strong> en prenant en compte les temp\u00e9ratures, les pr\u00e9cipitations et autres effets sur le territoire comme la mont\u00e9e des eaux, les inondations et les incendies. Les villes du classement sont uniquement celles comptant<strong>\u00a0plus de 20 000 habitants<\/strong>.<\/p>\n<p class=\" wall-content\">\n<p class=\" wall-content\">Si elle ne s\u2019affiche pas sur votre navigateur, la carte interactive est \u00e0 retrouver sur <a href=\"https:\/\/public.flourish.studio\/visualisation\/24743099\/\" target=\"_blank\" rel=\"noopener\">ce lien<\/a>.<\/p>\n<p>Votre r\u00e9gion, votre actu !<\/p>\n<p>Recevez chaque jour les infos qui comptent pour vous.<\/p>\n<p>\t<a href=\"https:\/\/actu.fr\/newsletter\" class=\"ac-btn ac-btn--corner ac-btn--medium ac-btn--blue800\" target=\"_blank\" rel=\"noopener\">S&rsquo;incrire<\/a><\/p>\n<p class=\" wall-content\">Nice est la <strong>400\u1d49 ville du classement<\/strong> sur 434 communes allant des meilleurs lieux o\u00f9 vivre aux pires. Cette place s\u2019explique par la proximit\u00e9 avec la mer avec la possible de submersion marine et le climat m\u00e9diterran\u00e9e qui justifie des temp\u00e9ratures hautes. Selon les pr\u00e9dictions de M\u00e9t\u00e9o-France, en 2100, le thermom\u00e8tre pourra atteindre <strong>quasiment 50 \u00b0C<\/strong>.<\/p>\n<p class=\" wall-content\">Personnalisez votre actualit\u00e9 en ajoutant vos villes et m\u00e9dias en favori avec <a href=\"https:\/\/moncompte.actu.fr\" title=\"D\u00e9couvez Mon Actu\" rel=\"nofollow noopener\" data-trk=\"{&quot;cta&quot;:{&quot;action&quot;:&quot;https:\\\/\\\/moncompte.actu.fr&quot;,&quot;category&quot;:&quot;mon compte&quot;,&quot;from&quot;:&quot;article footer&quot;,&quot;name&quot;:&quot;Mon actu&quot;,&quot;type&quot;:&quot;cta&quot;}}\" target=\"_blank\">Mon Actu<\/a>.<\/p>\n","protected":false},"excerpt":{"rendered":"Par Florine Amenta Publi\u00e9 le 24 ao\u00fbt 2025 \u00e0 7h12 L\u2019\u00e9t\u00e9 est, cette ann\u00e9e encore, suffoquant. Nice et&hellip;\n","protected":false},"author":2,"featured_media":341609,"comment_status":"","ping_status":"","sticky":false,"template":"","format":"standard","meta":{"footnotes":""},"categories":[2819],"tags":[1111,11,1129,1777,674,1011,27,2357,12,2401,52,882,5140,25],"class_list":{"0":"post-341608","1":"post","2":"type-post","3":"status-publish","4":"format-standard","5":"has-post-thumbnail","7":"category-nice","8":"tag-actu","9":"tag-actualites","10":"tag-climat","11":"tag-eu","12":"tag-europe","13":"tag-fr","14":"tag-france","15":"tag-meteo-france","16":"tag-news","17":"tag-nice","18":"tag-planete","19":"tag-provence-alpes-cote-dazur","20":"tag-rechauffement-climatique","21":"tag-republique-francaise"},"share_on_mastodon":{"url":"https:\/\/pubeurope.com\/@fr\/115086360882052935","error":""},"_links":{"self":[{"href":"https:\/\/www.europesays.com\/fr\/wp-json\/wp\/v2\/posts\/341608","targetHints":{"allow":["GET"]}}],"collection":[{"href":"https:\/\/www.europesays.com\/fr\/wp-json\/wp\/v2\/posts"}],"about":[{"href":"https:\/\/www.europesays.com\/fr\/wp-json\/wp\/v2\/types\/post"}],"author":[{"embeddable":true,"href":"https:\/\/www.europesays.com\/fr\/wp-json\/wp\/v2\/users\/2"}],"replies":[{"embeddable":true,"href":"https:\/\/www.europesays.com\/fr\/wp-json\/wp\/v2\/comments?post=341608"}],"version-history":[{"count":0,"href":"https:\/\/www.europesays.com\/fr\/wp-json\/wp\/v2\/posts\/341608\/revisions"}],"wp:featuredmedia":[{"embeddable":true,"href":"https:\/\/www.europesays.com\/fr\/wp-json\/wp\/v2\/media\/341609"}],"wp:attachment":[{"href":"https:\/\/www.europesays.com\/fr\/wp-json\/wp\/v2\/media?parent=341608"}],"wp:term":[{"taxonomy":"category","embeddable":true,"href":"https:\/\/www.europesays.com\/fr\/wp-json\/wp\/v2\/categories?post=341608"},{"taxonomy":"post_tag","embeddable":true,"href":"https:\/\/www.europesays.com\/fr\/wp-json\/wp\/v2\/tags?post=341608"}],"curies":[{"name":"wp","href":"https:\/\/api.w.org\/{rel}","templated":true}]}}