{"id":341610,"date":"2025-08-24T23:34:10","date_gmt":"2025-08-24T23:34:10","guid":{"rendered":"https:\/\/www.europesays.com\/fr\/341610\/"},"modified":"2025-08-24T23:34:10","modified_gmt":"2025-08-24T23:34:10","slug":"previsions-du-lundi-25-aout-2025-4","status":"publish","type":"post","link":"https:\/\/www.europesays.com\/fr\/341610\/","title":{"rendered":"pr\u00e9visions du lundi 25 ao\u00fbt 2025"},"content":{"rendered":"<p>\u00c0 Nantes les temp\u00e9ratures iront de 16 \u00e0 34\u00b0C sur l&rsquo;ensemble de la journ\u00e9e. La m\u00e9t\u00e9o devrait s&rsquo;am\u00e9liorer durant la matin\u00e9e. La p\u00e9riode d&rsquo;importantes chaleurs est bien l\u00e0, avec des valeurs qui risqueront de monter jusqu&rsquo;\u00e0 32\u00b0C. Une brise de sud-est soufflera doucement. Cet apr\u00e8s-midi sera synonyme de grand soleil. Les temp\u00e9ratures vont grimper de plusieurs degr\u00e9s. La ville va subir une vague de grosses chaleurs avec des temp\u00e9ratures qui atteindront parfois les 34\u00b0C. Un vent de sud-ouest, enregistrant 21 km\/h, soufflera. On pr\u00e9voit une nuit claire entre lundi et mardi.<\/p>\n<p>Demain, les temp\u00e9ratures vont descendre de quelques degr\u00e9s \u00e0 Nantes. Le mercure affichera 21\u00b0C en moyenne. Un vent de sud-ouest rafra\u00eechira un peu l&rsquo;atmosph\u00e8re. Le ciel sera assez lumineux, avec quelques \u00e9claircies le matin. Les temp\u00e9ratures avoisineront les 22\u00b0C. Le ciel sera nuageux dans l&rsquo;apr\u00e8s-midi. Des pluies \u00e9parses sont pr\u00e9vues. Les valeurs seront comprises entre 23 et 26\u00b0C. Les temp\u00e9ratures seront de 18\u00b0C dans la soir\u00e9e.<\/p>\n<p>Le temps des journ\u00e9es qui suivent va changer progressivement. Le temps se maintiendra mercredi mais une d\u00e9gradation s&rsquo;ensuivra jeudi.<\/p>\n<p>N&rsquo;oubliez pas de bien vous hydrater, m\u00eame si vous n&rsquo;avez pas soif, en ces jours de fortes chaleurs. Evitez de vous exposer entre 12h et 16h et faites tr\u00e8s attention aux personnes les plus vuln\u00e9rables comme les personnes \u00e2g\u00e9es ou les nourrissons.<\/p>\n","protected":false},"excerpt":{"rendered":"\u00c0 Nantes les temp\u00e9ratures iront de 16 \u00e0 34\u00b0C sur l&rsquo;ensemble de la journ\u00e9e. La m\u00e9t\u00e9o devrait s&rsquo;am\u00e9liorer&hellip;\n","protected":false},"author":2,"featured_media":341611,"comment_status":"","ping_status":"","sticky":false,"template":"","format":"standard","meta":{"footnotes":""},"categories":[2818],"tags":[1111,11,1777,674,1011,27,3047,766,12,2636,2119,25],"class_list":{"0":"post-341610","1":"post","2":"type-post","3":"status-publish","4":"format-standard","5":"has-post-thumbnail","7":"category-nantes","8":"tag-actu","9":"tag-actualites","10":"tag-eu","11":"tag-europe","12":"tag-fr","13":"tag-france","14":"tag-loire-atlantique","15":"tag-nantes","16":"tag-news","17":"tag-pays-de-la-loire","18":"tag-previsions-meteo","19":"tag-republique-francaise"},"share_on_mastodon":{"url":"https:\/\/pubeurope.com\/@fr\/115086364744802600","error":""},"_links":{"self":[{"href":"https:\/\/www.europesays.com\/fr\/wp-json\/wp\/v2\/posts\/341610","targetHints":{"allow":["GET"]}}],"collection":[{"href":"https:\/\/www.europesays.com\/fr\/wp-json\/wp\/v2\/posts"}],"about":[{"href":"https:\/\/www.europesays.com\/fr\/wp-json\/wp\/v2\/types\/post"}],"author":[{"embeddable":true,"href":"https:\/\/www.europesays.com\/fr\/wp-json\/wp\/v2\/users\/2"}],"replies":[{"embeddable":true,"href":"https:\/\/www.europesays.com\/fr\/wp-json\/wp\/v2\/comments?post=341610"}],"version-history":[{"count":0,"href":"https:\/\/www.europesays.com\/fr\/wp-json\/wp\/v2\/posts\/341610\/revisions"}],"wp:featuredmedia":[{"embeddable":true,"href":"https:\/\/www.europesays.com\/fr\/wp-json\/wp\/v2\/media\/341611"}],"wp:attachment":[{"href":"https:\/\/www.europesays.com\/fr\/wp-json\/wp\/v2\/media?parent=341610"}],"wp:term":[{"taxonomy":"category","embeddable":true,"href":"https:\/\/www.europesays.com\/fr\/wp-json\/wp\/v2\/categories?post=341610"},{"taxonomy":"post_tag","embeddable":true,"href":"https:\/\/www.europesays.com\/fr\/wp-json\/wp\/v2\/tags?post=341610"}],"curies":[{"name":"wp","href":"https:\/\/api.w.org\/{rel}","templated":true}]}}