{"id":341614,"date":"2025-08-24T23:36:11","date_gmt":"2025-08-24T23:36:11","guid":{"rendered":"https:\/\/www.europesays.com\/fr\/341614\/"},"modified":"2025-08-24T23:36:11","modified_gmt":"2025-08-24T23:36:11","slug":"previsions-du-lundi-25-aout-2025-5","status":"publish","type":"post","link":"https:\/\/www.europesays.com\/fr\/341614\/","title":{"rendered":"pr\u00e9visions du lundi 25 ao\u00fbt 2025"},"content":{"rendered":"<p>\u00c0 Bordeaux les temp\u00e9ratures seront comprises entre 19 et 34\u00b0C aujourd&rsquo;hui. Une modeste brise de sud sera ressentie par les habitants. L&rsquo;arriv\u00e9e du soleil le matin sera retard\u00e9e par un certain nombre de nuages. Il faudra s&rsquo;attendre \u00e0 des perturbations, les Bordelais se retrouveront sous des pluies \u00e9parses. On anticipe des valeurs d&rsquo;environ 24\u00b0C. Petits et grands pourront appr\u00e9cier leur apr\u00e8s-midi sous un ciel un peu nuageux. Les temp\u00e9ratures vont enregistrer une augmentation de plusieurs degr\u00e9s. La ville va souffrir des grosses chaleurs avec des temp\u00e9ratures qui pourraient grimper \u00e0 34\u00b0C. Les valeurs tourneront autour des 25\u00b0C dans la soir\u00e9e. Entre lundi et mardi, la nuit sera claire.<\/p>\n<p>Un bel ensoleillement est attendu demain \u00e0 Bordeaux. Le mercure va chuter de quelques degr\u00e9s. Les temp\u00e9ratures maximums pr\u00e9vues sont \u00e9lev\u00e9es, avec 30\u00b0C. Le mercure affichera 24\u00b0C en moyenne. Un vent de nord-ouest rafra\u00eechira l\u00e9g\u00e8rement l&rsquo;atmosph\u00e8re. Il fera 24\u00b0C en moyenne le matin. Un temps plus chaud est pr\u00e9vu demain apr\u00e8s-midi puisque les temp\u00e9ratures vont conna\u00eetre une l\u00e9g\u00e8re hausse. De tr\u00e8s fortes chaleurs (entre 27\u00b0C et 30\u00b0C) sont annonc\u00e9es. Les valeurs s&rsquo;\u00e9chelonneront entre 27 et 30\u00b0C.<\/p>\n<p>Le temps va se d\u00e9grader dans les journ\u00e9es qui suivent. Des temp\u00e9ratures dans les 24\u00b0C accompagneront un ciel pluvieux.<\/p>\n<p><\/p>\n","protected":false},"excerpt":{"rendered":"\u00c0 Bordeaux les temp\u00e9ratures seront comprises entre 19 et 34\u00b0C aujourd&rsquo;hui. Une modeste brise de sud sera ressentie&hellip;\n","protected":false},"author":2,"featured_media":341615,"comment_status":"","ping_status":"","sticky":false,"template":"","format":"standard","meta":{"footnotes":""},"categories":[2817],"tags":[1111,11,3177,1997,1777,674,1011,27,2905,12,2219,2119,25],"class_list":{"0":"post-341614","1":"post","2":"type-post","3":"status-publish","4":"format-standard","5":"has-post-thumbnail","7":"category-bordeaux","8":"tag-actu","9":"tag-actualites","10":"tag-aquitaine","11":"tag-bordeaux","12":"tag-eu","13":"tag-europe","14":"tag-fr","15":"tag-france","16":"tag-gironde","17":"tag-news","18":"tag-nouvelle-aquitaine","19":"tag-previsions-meteo","20":"tag-republique-francaise"},"share_on_mastodon":{"url":"https:\/\/pubeurope.com\/@fr\/115086372630411988","error":""},"_links":{"self":[{"href":"https:\/\/www.europesays.com\/fr\/wp-json\/wp\/v2\/posts\/341614","targetHints":{"allow":["GET"]}}],"collection":[{"href":"https:\/\/www.europesays.com\/fr\/wp-json\/wp\/v2\/posts"}],"about":[{"href":"https:\/\/www.europesays.com\/fr\/wp-json\/wp\/v2\/types\/post"}],"author":[{"embeddable":true,"href":"https:\/\/www.europesays.com\/fr\/wp-json\/wp\/v2\/users\/2"}],"replies":[{"embeddable":true,"href":"https:\/\/www.europesays.com\/fr\/wp-json\/wp\/v2\/comments?post=341614"}],"version-history":[{"count":0,"href":"https:\/\/www.europesays.com\/fr\/wp-json\/wp\/v2\/posts\/341614\/revisions"}],"wp:featuredmedia":[{"embeddable":true,"href":"https:\/\/www.europesays.com\/fr\/wp-json\/wp\/v2\/media\/341615"}],"wp:attachment":[{"href":"https:\/\/www.europesays.com\/fr\/wp-json\/wp\/v2\/media?parent=341614"}],"wp:term":[{"taxonomy":"category","embeddable":true,"href":"https:\/\/www.europesays.com\/fr\/wp-json\/wp\/v2\/categories?post=341614"},{"taxonomy":"post_tag","embeddable":true,"href":"https:\/\/www.europesays.com\/fr\/wp-json\/wp\/v2\/tags?post=341614"}],"curies":[{"name":"wp","href":"https:\/\/api.w.org\/{rel}","templated":true}]}}