{"id":341617,"date":"2025-08-24T23:38:18","date_gmt":"2025-08-24T23:38:18","guid":{"rendered":"https:\/\/www.europesays.com\/fr\/341617\/"},"modified":"2025-08-24T23:38:18","modified_gmt":"2025-08-24T23:38:18","slug":"nada-surf-suzane-patrick-watson-voici-les-5-concerts-a-voir-absolument-au-bikini-cet-automne","status":"publish","type":"post","link":"https:\/\/www.europesays.com\/fr\/341617\/","title":{"rendered":"Nada Surf, Suzane, Patrick Watson\u2026 Voici les 5 concerts \u00e0 voir absolument au Bikini cet automne"},"content":{"rendered":"<p>\n                                                                    l&rsquo;essentiel<br \/>\n                                                                La rentr\u00e9e du Bikini s\u2019amorce bient\u00f4t. De Nada Surf \u00e0 Suzane, en passant par Patrick Watson, plusieurs concerts sont \u00e0 marquer d\u2019une pierre blanche sur vos agendas.\n                            <\/p>\n<p>C\u2019est bient\u00f4t la rentr\u00e9e, il\u00a0est temps\u00a0de jeter un \u0153il sur la programmation des salles toulousaines et de r\u00e9server ses places. Attention, certaines dates affichent d\u00e9j\u00e0 complet. Voici notre s\u00e9lection des 5 concerts \u00e0 voir absolument cet automne au Bikini.<\/p>\n<p>Nada Surf le 8\u00a0septembre<\/p>\n<p>                    <img decoding=\"async\" class=\"responsive-img\" src=\"https:\/\/www.europesays.com\/fr\/wp-content\/uploads\/2025\/08\/1756078697_536_hqdefault.jpg\"\/><br \/>\n                <a class=\"stretched-link\" href=\"#paywall\" rel=\"js-anchor\"><\/p>\n<p>        <\/a><\/p>\n<p>C\u2019est la dixi\u00e8me fois que Nada Surf passe au Bikini mais on ne s\u2019en lasse pas.\u00a0Le trio new-yorkais s\u2019est impos\u00e9 avec \u00ab\u00a0Let Go\u00a0\u00bb en 2002, puis \u00ab\u00a0The Weight is a gift\u00a0\u00bb en 2005, avant d\u2019encha\u00eener avec des albums devenus r\u00e9f\u00e9rences\u00a0: \u00ab\u00a0The Proximity Effect\u00a0\u00bb, \u00ab\u00a0Lucky\u00a0\u00bb, \u00ab\u00a0The stars are indifferent to astronomy\u00a0\u00bb\u2026 Leur constance et leur authenticit\u00e9 en font des compagnons musicaux intemporels. En puisant dans l\u2019h\u00e9ritage de Nirvana, Big Star ou Jason Falkner, Nada Surf a perfectionn\u00e9 un style unique o\u00f9 guitares lumineuses et refrains ent\u00eatants expriment la quintessence de la power pop. Voil\u00e0 un grand classique du rock\u00a0qui ne devrait pas d\u00e9cevoir.<\/p>\n<p>Lundi 8\u00a0septembre \u00e0 19h30. Tarifs\u00a0: 30\u20ac<\/p>\n<p>Scylla\u00a0&amp; Furax le 18\u00a0octobre<\/p>\n<p>                    <img decoding=\"async\" class=\"responsive-img\" src=\"https:\/\/www.europesays.com\/fr\/wp-content\/uploads\/2025\/08\/1756078698_490_hqdefault.jpg\"\/><br \/>\n                <a class=\"stretched-link\" href=\"#paywall\" rel=\"js-anchor\"><\/p>\n<p>        <\/a><\/p>\n<p>Les fans n\u2019ont pas tard\u00e9 \u00e0 prendre leurs tickets\u00a0! Il faut reconna\u00eetre que quand Scylla et Furax Barbarossa se retrouvent sur un morceau, l\u2019impact est imm\u00e9diat. Le Bruxellois, reconnu pour sa voix grave et son \u00e9criture introspective, allie puissance et profondeur avec une ma\u00eetrise rare. Face \u00e0 lui, le Toulousain incarne un rap lyrique et tranchant, o\u00f9 chaque mot frappe avec justesse et \u00e9motion.<\/p>\n<p>Depuis plus de quinze ans, les deux artistes suivent des chemins distincts, mais r\u00e9guli\u00e8rement, leurs routes se croisent sur des collaborations devenues cultes, qui marquent les amateurs de rap francophone. Cette compl\u00e9mentarit\u00e9, entre noirceur introspective et \u00e9nergie brute, intrigue et captive un public fid\u00e8le.\u00a0Sur sc\u00e8ne, la puissance de leur duo se d\u00e9ploie sans retenue.\u00a0Leur retour suscite une attente f\u00e9brile, et affiche d\u00e9j\u00e0 complet.<\/p>\n<p>Samedi 18\u00a0octobre 2025\u00a0\u00e0\u00a019h30. Complet.<\/p>\n<p>Patrick Watson le 28\u00a0octobre<\/p>\n<p>                    <img decoding=\"async\" class=\"responsive-img\" src=\"https:\/\/www.europesays.com\/fr\/wp-content\/uploads\/2025\/08\/1756078698_399_hqdefault.jpg\"\/><br \/>\n                <a class=\"stretched-link\" href=\"#paywall\" rel=\"js-anchor\"><\/p>\n<p>        <\/a><\/p>\n<p>Patrick Watson, le chanteur et compositeur montr\u00e9alais, viendra pr\u00e9senter \u00e0 Ramonville ses belles ballades pop-folk raffin\u00e9es, entre textures \u00e9lectroniques, orchestrations sublimes et une voix reconnaissable entre toutes. Il a r\u00e9ussi \u00e0\u00a0s\u2019imposer\u00a0depuis deux d\u00e9cennies comme l\u2019une des figures majeures de la sc\u00e8ne indie-pop internationale. Pianiste, chanteur et compositeur, il cr\u00e9e des paysages sonores uniques o\u00f9 se m\u00ealent sonorit\u00e9s organiques, textures \u00e9lectroniques et orchestrations lumineuses. Sa voix a\u00e9rienne, toujours mise au premier plan, conf\u00e8re \u00e0 sa musique une intensit\u00e9 singuli\u00e8re.<\/p>\n<p>Laur\u00e9at du Polaris Music Prize en 2007 pour \u00ab\u00a0Close to Paradise\u00a0\u00bb, il b\u00e9n\u00e9ficie d\u2019une solide r\u00e9putation internationale.\u00a0Sa chanson francophone \u00ab\u00a0Je te laisserai des mots\u00a0\u00bb est la premi\u00e8re de langue fran\u00e7aise \u00e0 avoir atteint\u00a01\u00a0milliard de streams sur Spotify.<\/p>\n<p>Mardi 28\u00a0octobre 2025\u00a0\u00e0\u00a019h30. Tarif\u00a0: \u00e0 partir de 33\u20ac.<\/p>\n<p>Wolf Alice le 15\u00a0novembre<\/p>\n<p>                    <img decoding=\"async\" class=\"responsive-img\" src=\"https:\/\/www.europesays.com\/fr\/wp-content\/uploads\/2025\/08\/1756078698_959_hqdefault.jpg\"\/><br \/>\n                <a class=\"stretched-link\" href=\"#paywall\" rel=\"js-anchor\"><\/p>\n<p>        <\/a><\/p>\n<p>Figure\u00a0contemporaine\u00a0incontournable\u00a0de la sc\u00e8ne rock UK, le quatuor Wolf Alice avait atteint\u00a0la premi\u00e8re place des charts britanniques avec son troisi\u00e8me album \u00ab\u00a0Blue Weekend\u00a0\u00bb. Il a\u00a0\u00e9galement d\u00e9croch\u00e9 un Brit Award du meilleur groupe et une nomination aux Grammy Awards, confirmant sa reconnaissance internationale. Il s\u2019appr\u00eate \u00e0 publier \u00ab\u00a0The Clearing\u00a0\u00bb le 29\u00a0ao\u00fbt, un opus produit \u00e0 Los Angeles par Greg Kurstin, \u00e0 la pop-rock intense, digne h\u00e9ritage des ann\u00e9es 1970, qui devrait s\u00e9duire autant les fid\u00e8les que les nouveaux auditeurs.<\/p>\n<p>Samedi 15\u00a0novembre \u00e0\u00a019h30. Tarif\u00a0: \u00e0 partir de 34\u20ac.<\/p>\n<p>Suzane le 27\u00a0novembre<\/p>\n<p>                    <img decoding=\"async\" class=\"responsive-img\" src=\"https:\/\/www.europesays.com\/fr\/wp-content\/uploads\/2025\/08\/1756078698_851_hqdefault.jpg\"\/><br \/>\n                <a class=\"stretched-link\" href=\"#paywall\" rel=\"js-anchor\"><\/p>\n<p>        <\/a><\/p>\n<p>Suzane, c\u2019est l\u2019une des voix montantes les plus influentes de la sc\u00e8ne pop fran\u00e7aise actuelle.\u00a0Elle repart sur les routes avec une tourn\u00e9e 2025-2026. Connue pour ses performances \u00e9lectrisantes et ses textes engag\u00e9s, l\u2019artiste a \u00e9t\u00e9 r\u00e9v\u00e9l\u00e9e en 2020 avec son premier album \u00ab\u00a0To\u00ef To\u00ef\u00a0\u00bb, r\u00e9compens\u00e9 par une Victoire de la musique.\u00a0En 2022, l\u2019album \u00ab\u00a0Cam\u00e9o\u00a0\u00bb a confirm\u00e9 son statut d\u2019artiste majeure. Entre \u00e9lectro-pop et influences vari\u00e9es, Suzane a su d\u00e9velopper une identit\u00e9 forte. Sa venue au Bikini est la promesse d\u2019un moment d\u2019\u00e9nergie brute.<\/p>\n<p>Jeudi 27\u00a0novembre 2025 \u00e0 19h30. Tarif\u00a0: \u00e0 partir de 31\u20ac.<br \/>Le Bikini, Parc Technologique du Canal, rue Th\u00e9odore Monod, \u00e0\u00a0Ramonville Saint-Agne. Tarif\u00a0: \u00e0 partir de 29\u20ac.<\/p>\n","protected":false},"excerpt":{"rendered":"l&rsquo;essentiel La rentr\u00e9e du Bikini s\u2019amorce bient\u00f4t. De Nada Surf \u00e0 Suzane, en passant par Patrick Watson, plusieurs&hellip;\n","protected":false},"author":2,"featured_media":341618,"comment_status":"","ping_status":"","sticky":false,"template":"","format":"standard","meta":{"footnotes":""},"categories":[2816],"tags":[1111,11,1777,674,1011,27,12,2680,25,2312],"class_list":{"0":"post-341617","1":"post","2":"type-post","3":"status-publish","4":"format-standard","5":"has-post-thumbnail","7":"category-toulouse","8":"tag-actu","9":"tag-actualites","10":"tag-eu","11":"tag-europe","12":"tag-fr","13":"tag-france","14":"tag-news","15":"tag-occitanie","16":"tag-republique-francaise","17":"tag-toulouse"},"share_on_mastodon":{"url":"https:\/\/pubeurope.com\/@fr\/115086381157662611","error":""},"_links":{"self":[{"href":"https:\/\/www.europesays.com\/fr\/wp-json\/wp\/v2\/posts\/341617","targetHints":{"allow":["GET"]}}],"collection":[{"href":"https:\/\/www.europesays.com\/fr\/wp-json\/wp\/v2\/posts"}],"about":[{"href":"https:\/\/www.europesays.com\/fr\/wp-json\/wp\/v2\/types\/post"}],"author":[{"embeddable":true,"href":"https:\/\/www.europesays.com\/fr\/wp-json\/wp\/v2\/users\/2"}],"replies":[{"embeddable":true,"href":"https:\/\/www.europesays.com\/fr\/wp-json\/wp\/v2\/comments?post=341617"}],"version-history":[{"count":0,"href":"https:\/\/www.europesays.com\/fr\/wp-json\/wp\/v2\/posts\/341617\/revisions"}],"wp:featuredmedia":[{"embeddable":true,"href":"https:\/\/www.europesays.com\/fr\/wp-json\/wp\/v2\/media\/341618"}],"wp:attachment":[{"href":"https:\/\/www.europesays.com\/fr\/wp-json\/wp\/v2\/media?parent=341617"}],"wp:term":[{"taxonomy":"category","embeddable":true,"href":"https:\/\/www.europesays.com\/fr\/wp-json\/wp\/v2\/categories?post=341617"},{"taxonomy":"post_tag","embeddable":true,"href":"https:\/\/www.europesays.com\/fr\/wp-json\/wp\/v2\/tags?post=341617"}],"curies":[{"name":"wp","href":"https:\/\/api.w.org\/{rel}","templated":true}]}}