{"id":341619,"date":"2025-08-24T23:39:11","date_gmt":"2025-08-24T23:39:11","guid":{"rendered":"https:\/\/www.europesays.com\/fr\/341619\/"},"modified":"2025-08-24T23:39:11","modified_gmt":"2025-08-24T23:39:11","slug":"previsions-du-lundi-25-aout-2025-6","status":"publish","type":"post","link":"https:\/\/www.europesays.com\/fr\/341619\/","title":{"rendered":"pr\u00e9visions du lundi 25 ao\u00fbt 2025"},"content":{"rendered":"<p>Un superbe soleil va briller sur Toulouse et ce, tout au long de la journ\u00e9e. Les valeurs seront comprises entre 19 et 32\u00b0C. Un vent de sud-est soufflera l\u00e9g\u00e8rement, avec 14 km\/h. La p\u00e9riode d&rsquo;importantes chaleurs est bien l\u00e0, avec des temp\u00e9ratures qui pourront aller jusqu&rsquo;\u00e0 30\u00b0C le matin. Les valeurs vont grimper pendant l&rsquo;apr\u00e8s-midi de plusieurs degr\u00e9s. De tr\u00e8s fortes chaleurs (entre 31\u00b0C et 32\u00b0C) sont pr\u00e9vues. Le soir, on anticipe des valeurs avoisinant 27\u00b0C. C&rsquo;est un ciel clair que conna\u00eetra la nuit de lundi \u00e0 mardi.<\/p>\n<p>C&rsquo;est un soleil magnifique qui va briller demain sur Toulouse. Prenez garde \u00e0 la vague de chaud. Des temp\u00e9ratures de 19 \u00e0 32\u00b0C sont attendues. Les valeurs afficheront entre 19 et 32\u00b0C. Un vent de nord-ouest rafra\u00eechira un peu l&rsquo;atmosph\u00e8re. Dans la matin\u00e9e, les temp\u00e9ratures tourneront autour des 25\u00b0C. Une m\u00e9t\u00e9o plus chaude est pr\u00e9vue demain apr\u00e8s-midi \u00e9tant donn\u00e9 que les temp\u00e9ratures vont conna\u00eetre une hausse. La ville va subir une vague de grosses chaleurs avec des temp\u00e9ratures qui atteindront parfois les 32\u00b0C. Il faudra emporter son parapluie demain soir pour se prot\u00e9ger des pluies \u00e9parses. Le mercure affichera 27\u00b0C en moyenne.<\/p>\n<p>La m\u00e9t\u00e9o va se d\u00e9grader dans les journ\u00e9es qui suivent. Pr\u00e9voyez 25\u00b0C en moyenne qui accompagneront des journ\u00e9es pluvieuses.<\/p>\n<p><\/p>\n","protected":false},"excerpt":{"rendered":"Un superbe soleil va briller sur Toulouse et ce, tout au long de la journ\u00e9e. Les valeurs seront&hellip;\n","protected":false},"author":2,"featured_media":341620,"comment_status":"","ping_status":"","sticky":false,"template":"","format":"standard","meta":{"footnotes":""},"categories":[2816],"tags":[1111,11,1777,674,1011,27,2722,2721,12,2680,2119,25,2312],"class_list":{"0":"post-341619","1":"post","2":"type-post","3":"status-publish","4":"format-standard","5":"has-post-thumbnail","7":"category-toulouse","8":"tag-actu","9":"tag-actualites","10":"tag-eu","11":"tag-europe","12":"tag-fr","13":"tag-france","14":"tag-haute-garonne","15":"tag-midi-pyrenees","16":"tag-news","17":"tag-occitanie","18":"tag-previsions-meteo","19":"tag-republique-francaise","20":"tag-toulouse"},"share_on_mastodon":{"url":"https:\/\/pubeurope.com\/@fr\/115086384414100950","error":""},"_links":{"self":[{"href":"https:\/\/www.europesays.com\/fr\/wp-json\/wp\/v2\/posts\/341619","targetHints":{"allow":["GET"]}}],"collection":[{"href":"https:\/\/www.europesays.com\/fr\/wp-json\/wp\/v2\/posts"}],"about":[{"href":"https:\/\/www.europesays.com\/fr\/wp-json\/wp\/v2\/types\/post"}],"author":[{"embeddable":true,"href":"https:\/\/www.europesays.com\/fr\/wp-json\/wp\/v2\/users\/2"}],"replies":[{"embeddable":true,"href":"https:\/\/www.europesays.com\/fr\/wp-json\/wp\/v2\/comments?post=341619"}],"version-history":[{"count":0,"href":"https:\/\/www.europesays.com\/fr\/wp-json\/wp\/v2\/posts\/341619\/revisions"}],"wp:featuredmedia":[{"embeddable":true,"href":"https:\/\/www.europesays.com\/fr\/wp-json\/wp\/v2\/media\/341620"}],"wp:attachment":[{"href":"https:\/\/www.europesays.com\/fr\/wp-json\/wp\/v2\/media?parent=341619"}],"wp:term":[{"taxonomy":"category","embeddable":true,"href":"https:\/\/www.europesays.com\/fr\/wp-json\/wp\/v2\/categories?post=341619"},{"taxonomy":"post_tag","embeddable":true,"href":"https:\/\/www.europesays.com\/fr\/wp-json\/wp\/v2\/tags?post=341619"}],"curies":[{"name":"wp","href":"https:\/\/api.w.org\/{rel}","templated":true}]}}