{"id":341625,"date":"2025-08-24T23:42:10","date_gmt":"2025-08-24T23:42:10","guid":{"rendered":"https:\/\/www.europesays.com\/fr\/341625\/"},"modified":"2025-08-24T23:42:10","modified_gmt":"2025-08-24T23:42:10","slug":"previsions-du-lundi-25-aout-2025-8","status":"publish","type":"post","link":"https:\/\/www.europesays.com\/fr\/341625\/","title":{"rendered":"pr\u00e9visions du lundi 25 ao\u00fbt 2025"},"content":{"rendered":"<p>\u00c0 Marseille les valeurs s&rsquo;\u00e9chelonneront entre 21 et 25\u00b0C pendant la journ\u00e9e. Un petit vent de sud-est sera ressenti par les habitants. Le matin, un important soleil brillera. Le thermom\u00e8tre affichera 23\u00b0C en moyenne. Il va y avoir des nuages avant que le soleil ne puisse faire son apparition durant l&rsquo;apr\u00e8s-midi. Des orages de faible intensit\u00e9 se d\u00e9clareront. Les temp\u00e9ratures seront de 24\u00b0C au minimum et de 25\u00b0C au plus haut. Le soir, on pr\u00e9voit des valeurs avoisinant 23\u00b0C. On pr\u00e9voit une nuit claire entre lundi et mardi.<\/p>\n<p>Un bel ensoleillement est attendu demain \u00e0 Marseille. C&rsquo;est une hausse de quelques degr\u00e9s que vont conna\u00eetre les temp\u00e9ratures. Ces valeurs afficheront entre 22 et 26\u00b0C. Un vent de sud-est rafra\u00eechira l\u00e9g\u00e8rement l&rsquo;atmosph\u00e8re. Dans la matin\u00e9e, les temp\u00e9ratures seront de 25\u00b0C. Les maximales atteindront les 26\u00b0C dans l&rsquo;apr\u00e8s-midi et les minimales seront de 25\u00b0C. Les valeurs s&rsquo;\u00e9chelonneront de 24 \u00e0 25\u00b0C sur l&rsquo;ensemble de la soir\u00e9e.<\/p>\n<p>Les conditions m\u00e9t\u00e9orologiques des jours suivants vont changer peu \u00e0 peu. Apr\u00e8s une m\u00e9t\u00e9o similaire mercredi, la situation changera jeudi.<\/p>\n<p><\/p>\n","protected":false},"excerpt":{"rendered":"\u00c0 Marseille les valeurs s&rsquo;\u00e9chelonneront entre 21 et 25\u00b0C pendant la journ\u00e9e. Un petit vent de sud-est sera&hellip;\n","protected":false},"author":2,"featured_media":341626,"comment_status":"","ping_status":"","sticky":false,"template":"","format":"standard","meta":{"footnotes":""},"categories":[2814],"tags":[1111,11,885,1777,674,1011,27,884,12,883,2119,882,25],"class_list":{"0":"post-341625","1":"post","2":"type-post","3":"status-publish","4":"format-standard","5":"has-post-thumbnail","7":"category-marseille","8":"tag-actu","9":"tag-actualites","10":"tag-bouches-du-rhone","11":"tag-eu","12":"tag-europe","13":"tag-fr","14":"tag-france","15":"tag-marseille","16":"tag-news","17":"tag-paca","18":"tag-previsions-meteo","19":"tag-provence-alpes-cote-dazur","20":"tag-republique-francaise"},"share_on_mastodon":{"url":"https:\/\/pubeurope.com\/@fr\/115086396208724036","error":""},"_links":{"self":[{"href":"https:\/\/www.europesays.com\/fr\/wp-json\/wp\/v2\/posts\/341625","targetHints":{"allow":["GET"]}}],"collection":[{"href":"https:\/\/www.europesays.com\/fr\/wp-json\/wp\/v2\/posts"}],"about":[{"href":"https:\/\/www.europesays.com\/fr\/wp-json\/wp\/v2\/types\/post"}],"author":[{"embeddable":true,"href":"https:\/\/www.europesays.com\/fr\/wp-json\/wp\/v2\/users\/2"}],"replies":[{"embeddable":true,"href":"https:\/\/www.europesays.com\/fr\/wp-json\/wp\/v2\/comments?post=341625"}],"version-history":[{"count":0,"href":"https:\/\/www.europesays.com\/fr\/wp-json\/wp\/v2\/posts\/341625\/revisions"}],"wp:featuredmedia":[{"embeddable":true,"href":"https:\/\/www.europesays.com\/fr\/wp-json\/wp\/v2\/media\/341626"}],"wp:attachment":[{"href":"https:\/\/www.europesays.com\/fr\/wp-json\/wp\/v2\/media?parent=341625"}],"wp:term":[{"taxonomy":"category","embeddable":true,"href":"https:\/\/www.europesays.com\/fr\/wp-json\/wp\/v2\/categories?post=341625"},{"taxonomy":"post_tag","embeddable":true,"href":"https:\/\/www.europesays.com\/fr\/wp-json\/wp\/v2\/tags?post=341625"}],"curies":[{"name":"wp","href":"https:\/\/api.w.org\/{rel}","templated":true}]}}