{"id":341628,"date":"2025-08-24T23:44:24","date_gmt":"2025-08-24T23:44:24","guid":{"rendered":"https:\/\/www.europesays.com\/fr\/341628\/"},"modified":"2025-08-24T23:44:24","modified_gmt":"2025-08-24T23:44:24","slug":"le-metro-b-sera-a-larret-ce-mardi-26-aout-et-jusqua-mercredi-midi","status":"publish","type":"post","link":"https:\/\/www.europesays.com\/fr\/341628\/","title":{"rendered":"le m\u00e9tro B sera \u00e0 l\u2019arr\u00eat ce mardi 26\u00a0ao\u00fbt et jusqu\u2019\u00e0 mercredi midi"},"content":{"rendered":"<p>Le m\u00e9tro B ne circulera pas sur toute sa ligne ce mardi 26\u00a0ao\u00fbt et ne reprendra pas son service avant ce mercredi 27\u00a0ao\u00fbt \u00e0 midi. En cause, des essais r\u00e9alis\u00e9s afin de \u00ab\u00a0renforcer la capacit\u00e9 et le confort des voyageurs\u00a0\u00bb.<\/p>\n<p>Des bus relais sont mis \u00e0 disposition de la station Gare Part-Dieu Vivier Merle \u00e0 \u00ab\u00a0Saint-Genis-Laval H\u00f4pital Lyon Sud\u00a0\u00bb, toutes les 8 \u00e0 15 minutes.<\/p>\n<p>  Quelques stations non desservies par les bus relais<\/p>\n<p>En revanche, aucune alternative n\u2019est propos\u00e9e au nord-est de la ligne, pour les stations Charpennes Charles Hernu et Brotteaux. Pour les relier \u00e0 la\u00a0Gare Part-Dieu Vivier Merle, TCL conseille d\u2019emprunter le tramway T1 et les lignes de bus C2 et 70.<\/p>\n<p class=\"note\">Sur son site internet, TCL met \u00e9galement en garde les usagers de son r\u00e9seau \u00ab\u00a0contre des e-mails et appels frauduleux informant de l\u2019expiration des abonnements\u00a0\u00bb.<\/p>\n","protected":false},"excerpt":{"rendered":"Le m\u00e9tro B ne circulera pas sur toute sa ligne ce mardi 26\u00a0ao\u00fbt et ne reprendra pas son&hellip;\n","protected":false},"author":2,"featured_media":341629,"comment_status":"","ping_status":"","sticky":false,"template":"","format":"standard","meta":{"footnotes":""},"categories":[1889],"tags":[1111,11,2430,3542,2757,1777,674,1011,27,2428,2756,12,25,2429,10213,2803],"class_list":{"0":"post-341628","1":"post","2":"type-post","3":"status-publish","4":"format-standard","5":"has-post-thumbnail","7":"category-lyon","8":"tag-actu","9":"tag-actualites","10":"tag-auvergne-rhone-alpes","11":"tag-circulation","12":"tag-edition-lyon-villeurbanne","13":"tag-eu","14":"tag-europe","15":"tag-fr","16":"tag-france","17":"tag-lyon","18":"tag-lyon-bassin","19":"tag-news","20":"tag-republique-francaise","21":"tag-rhone","22":"tag-tcl","23":"tag-transport"},"share_on_mastodon":{"url":"https:\/\/pubeurope.com\/@fr\/115086404128975513","error":""},"_links":{"self":[{"href":"https:\/\/www.europesays.com\/fr\/wp-json\/wp\/v2\/posts\/341628","targetHints":{"allow":["GET"]}}],"collection":[{"href":"https:\/\/www.europesays.com\/fr\/wp-json\/wp\/v2\/posts"}],"about":[{"href":"https:\/\/www.europesays.com\/fr\/wp-json\/wp\/v2\/types\/post"}],"author":[{"embeddable":true,"href":"https:\/\/www.europesays.com\/fr\/wp-json\/wp\/v2\/users\/2"}],"replies":[{"embeddable":true,"href":"https:\/\/www.europesays.com\/fr\/wp-json\/wp\/v2\/comments?post=341628"}],"version-history":[{"count":0,"href":"https:\/\/www.europesays.com\/fr\/wp-json\/wp\/v2\/posts\/341628\/revisions"}],"wp:featuredmedia":[{"embeddable":true,"href":"https:\/\/www.europesays.com\/fr\/wp-json\/wp\/v2\/media\/341629"}],"wp:attachment":[{"href":"https:\/\/www.europesays.com\/fr\/wp-json\/wp\/v2\/media?parent=341628"}],"wp:term":[{"taxonomy":"category","embeddable":true,"href":"https:\/\/www.europesays.com\/fr\/wp-json\/wp\/v2\/categories?post=341628"},{"taxonomy":"post_tag","embeddable":true,"href":"https:\/\/www.europesays.com\/fr\/wp-json\/wp\/v2\/tags?post=341628"}],"curies":[{"name":"wp","href":"https:\/\/api.w.org\/{rel}","templated":true}]}}