{"id":341630,"date":"2025-08-24T23:45:23","date_gmt":"2025-08-24T23:45:23","guid":{"rendered":"https:\/\/www.europesays.com\/fr\/341630\/"},"modified":"2025-08-24T23:45:23","modified_gmt":"2025-08-24T23:45:23","slug":"ain-un-premier-foyer-de-dermatose-nodulaire-contagieuse-bovine-confirme","status":"publish","type":"post","link":"https:\/\/www.europesays.com\/fr\/341630\/","title":{"rendered":"Ain : un premier foyer de dermatose nodulaire contagieuse bovine confirm\u00e9"},"content":{"rendered":"<p>                            <img loading=\"lazy\" width=\"1200\" height=\"772\" class=\"attachment-article size-article wp-post-image lazyload\" alt=\"\" decoding=\"async\" src=\"https:\/\/www.europesays.com\/fr\/wp-content\/uploads\/2025\/08\/pexels-kratz-1390200.jpg\" data-eio-rwidth=\"1200\" data-eio-rheight=\"772\"\/><\/p>\n<p>image d\u2019illustration pour des bovins \u00a9Pexels<\/p>\n<p class=\"content\" style=\"font-size:1.2em;font-weight:700\">Un foyer de dermatose nodulaire contagieuse (DNC) a \u00e9t\u00e9 confirm\u00e9 dans l\u2019Ain, samedi 23 ao\u00fbt. Il s\u2019agit du premier cas identifi\u00e9 dans le d\u00e9partement.<\/p>\n<p>Alors que de nombreux cas ont \u00e9t\u00e9 d\u00e9tect\u00e9s en Savoie et en Haute-Savoie, le tout premier foyer de dermatose nodulaire contagieuse (DNC) a \u00e9t\u00e9 confirm\u00e9 samedi 23 ao\u00fbt dans l\u2019Ain. Ce dernier a \u00e9t\u00e9 identifi\u00e9 dans une estive, \u00e0 l\u2019Est du d\u00e9partement.<\/p>\n<p>Pour \u00e9viter toute propagation, la pr\u00e9fecture de l\u2019Ain renforce la surveillance des \u00e9levages, ainsi que l\u2019interdiction des mouvements des bovins pr\u00e9sents dans l\u2019alpage. \u00ab\u00a0L\u2019ensemble des bovins appartenant au foyer contamin\u00e9 devront \u00eatre abattus dans les prochains jours\u00a0\u00bb, soulignent les services de l\u2019\u00c9tat.<\/p>\n<p>Ils ajoutent qu\u2019un \u00ab\u00a0accompagnement humain et psychologique est mis en place en lien avec la chambre d\u2019agriculture pour les \u00e9leveurs touch\u00e9s par le d\u00e9peuplement. Ils seront indemnis\u00e9s financi\u00e8rement par l\u2019\u00c9tat.\u00a0\u00bb Pour rappel, la pathologie se caract\u00e9rise par de la fi\u00e8vre, des nodules sur la peau, les muqueuses et les organes internes, un \u0153d\u00e8me de la peau et parfois la mort des bovins.<\/p>\n<p><strong>Lire aussi :<\/strong> <a href=\"https:\/\/www.lyoncapitale.fr\/actualite\/dermatose-nodulaire-plus-de-50-foyers-detectes-en-savoie-et-haute-savoie\" target=\"_blank\" rel=\"noreferrer noopener nofollow\">Dermatose nodulaire : plus de 50 foyers d\u00e9tect\u00e9s en Savoie et Haute-Savoie<\/a><\/p>\n","protected":false},"excerpt":{"rendered":"image d\u2019illustration pour des bovins \u00a9Pexels Un foyer de dermatose nodulaire contagieuse (DNC) a \u00e9t\u00e9 confirm\u00e9 dans l\u2019Ain,&hellip;\n","protected":false},"author":2,"featured_media":341631,"comment_status":"","ping_status":"","sticky":false,"template":"","format":"standard","meta":{"footnotes":""},"categories":[1889],"tags":[1111,11,2430,1777,674,1011,27,2428,12,25],"class_list":{"0":"post-341630","1":"post","2":"type-post","3":"status-publish","4":"format-standard","5":"has-post-thumbnail","7":"category-lyon","8":"tag-actu","9":"tag-actualites","10":"tag-auvergne-rhone-alpes","11":"tag-eu","12":"tag-europe","13":"tag-fr","14":"tag-france","15":"tag-lyon","16":"tag-news","17":"tag-republique-francaise"},"share_on_mastodon":{"url":"https:\/\/pubeurope.com\/@fr\/115086408293007340","error":""},"_links":{"self":[{"href":"https:\/\/www.europesays.com\/fr\/wp-json\/wp\/v2\/posts\/341630","targetHints":{"allow":["GET"]}}],"collection":[{"href":"https:\/\/www.europesays.com\/fr\/wp-json\/wp\/v2\/posts"}],"about":[{"href":"https:\/\/www.europesays.com\/fr\/wp-json\/wp\/v2\/types\/post"}],"author":[{"embeddable":true,"href":"https:\/\/www.europesays.com\/fr\/wp-json\/wp\/v2\/users\/2"}],"replies":[{"embeddable":true,"href":"https:\/\/www.europesays.com\/fr\/wp-json\/wp\/v2\/comments?post=341630"}],"version-history":[{"count":0,"href":"https:\/\/www.europesays.com\/fr\/wp-json\/wp\/v2\/posts\/341630\/revisions"}],"wp:featuredmedia":[{"embeddable":true,"href":"https:\/\/www.europesays.com\/fr\/wp-json\/wp\/v2\/media\/341631"}],"wp:attachment":[{"href":"https:\/\/www.europesays.com\/fr\/wp-json\/wp\/v2\/media?parent=341630"}],"wp:term":[{"taxonomy":"category","embeddable":true,"href":"https:\/\/www.europesays.com\/fr\/wp-json\/wp\/v2\/categories?post=341630"},{"taxonomy":"post_tag","embeddable":true,"href":"https:\/\/www.europesays.com\/fr\/wp-json\/wp\/v2\/tags?post=341630"}],"curies":[{"name":"wp","href":"https:\/\/api.w.org\/{rel}","templated":true}]}}