{"id":341632,"date":"2025-08-24T23:47:11","date_gmt":"2025-08-24T23:47:11","guid":{"rendered":"https:\/\/www.europesays.com\/fr\/341632\/"},"modified":"2025-08-24T23:47:11","modified_gmt":"2025-08-24T23:47:11","slug":"quelles-perturbations-prevoir-pour-la-ratp-et-la-sncf-cette-semaine-35","status":"publish","type":"post","link":"https:\/\/www.europesays.com\/fr\/341632\/","title":{"rendered":"Quelles perturbations pr\u00e9voir pour la RATP et la SNCF cette semaine ?"},"content":{"rendered":"<p>\u00c0 une semaine de la rentr\u00e9e, les lignes de transports connaissent quelques perturbations, notamment en raison de travaux, du lundi 25 ao\u00fbt au dimanche 31 ao\u00fbt 2025. Voici les changements \u00e0 pr\u00e9voir \u00e0 Paris et en \u00cele-de-France, si vous vous d\u00e9placez avec la <a href=\"https:\/\/www.20minutes.fr\/dossier\/ratp\" class=\"c-link c-link--is-underlined\" target=\"_blank\" rel=\"noopener\">RATP<\/a> et la <a href=\"https:\/\/www.20minutes.fr\/dossier\/sncf\" class=\"c-link c-link--is-underlined\" target=\"_blank\" rel=\"noopener\">SNCF<\/a>.<\/p>\n<p>M\u00e9tro<\/p>\n<ul>\n<li>Ligne 1 : jusqu\u2019au 31 ao\u00fbt, le trafic sera interrompu entre Charles de Gaulle \u2013 Etoile et La D\u00e9fense (travaux). Des bus de substitution seront mis en place. <\/li>\n<li>Ligne 6 : jusqu\u2019au 28 septembre, l\u2019arr\u00eat ne sera pas desservi \u00e0 Cambronne (travaux).<\/li>\n<li>Ligne 8 : jusqu\u2019au 31 ao\u00fbt, le trafic sera interrompu entre Reuilly-Diderot et <a href=\"https:\/\/www.20minutes.fr\/dossier\/concorde\" class=\"c-link c-link--is-underlined\" target=\"_blank\" rel=\"noopener\">Concorde<\/a> (travaux).<\/li>\n<li>Ligne 13 : jusqu\u2019au 31 ao\u00fbt, les stations Gabriel P\u00e9ri et Pernety sont inaccessibles (travaux).<\/li>\n<\/ul>\n<p>Les perturbations dans le RER<\/p>\n<ul>\n<li>RER B : Jusqu\u2019au 27 ao\u00fbt inclus\u200b\u200b, le trafic sera interrompu entre Massy\u2013Palaiseau et La Croix de Berny (travaux).<\/li>\n<li><a href=\"https:\/\/www.20minutes.fr\/dossier\/rer_c\" class=\"c-link c-link--is-underlined\" target=\"_blank\" rel=\"noopener\">RER C<\/a> : jusqu\u2019au 29 ao\u00fbt, du lundi au vendredi, d\u00e8s 23 h, le trafic sera interrompu entre Paris Austerlitz et Pont de Rungis. Vous pouvez vous reporter sur les lignes du <a href=\"https:\/\/www.20minutes.fr\/dossier\/metro\" class=\"c-link c-link--is-underlined\" target=\"_blank\" rel=\"noopener\">M\u00e9tro<\/a>, Tramways et lignes de bus de ville. <\/li>\n<li>RER D : jusqu\u2019au 31 octobre, du lundi au vendredi d\u00e8s 23h20, le trafic sera interrompu entre Gare du Nord et Creil (travaux). Des bus de substitution seront mis en place. Jusqu\u2019au vendredi 29 ao\u00fbt, les gares entre Paris Gare de Lyon et Villeneuve-Saint-Georges ne seront pas desservies. Des bus de substitution seront mis en place. Maisons-Alfort Alfortville et Villeneuve-Saint-Georges. <\/li>\n<\/ul>\n<p>Transilien<\/p>\n<ul>\n<li>Ligne J : jusqu\u2019au 29 ao\u00fbt, du lundi au vendredi d\u00e8s 20h40, le trafic sera interrompu entre <a href=\"https:\/\/www.20minutes.fr\/dossier\/gare_saint_lazare-1\" class=\"c-link c-link--is-underlined\" target=\"_blank\" rel=\"noopener\">Gare Saint-Lazare<\/a> et Mantes-la-Jolie via Conflans-Sainte-Honorine. Des bus de substitution seront mis en place. <\/li>\n<li>Ligne K : jusqu\u2019au vendredi 19 d\u00e9cembre en soir\u00e9e, le trafic sera interrompu entre Paris <a href=\"https:\/\/www.20minutes.fr\/dossier\/gare_du_nord\" class=\"c-link c-link--is-underlined\" target=\"_blank\" rel=\"noopener\">Gare du Nord<\/a> et Cr\u00e9py-en-Valois.<\/li>\n<li>Ligne N : jusqu\u2019au vendredi 12 d\u00e9cembre, le trafic sera interrompu entre Paris Est et Coulommiers en semaine d\u00e8s 21h30. Jusqu\u2019au vendredi 29 ao\u00fbt, le trafic sera interrompu en semaine d\u00e8s 21h entre Paris Montparnasse et Dreux. Des bus de substitution seront mis en place. Le trafic sera \u00e9galement \u00e0 l\u2019arr\u00eat aux m\u00eames heures de Paris Montparnasse vers Mantes-la-Jolie. Des bus de substitution seront mis en place au d\u00e9part de Versailles-Chantiers avec desserte des gares interm\u00e9diaires. Il l\u2019est \u00e9galement entre Paris Montparnasse et Plaisir \u2013 Grignon d\u00e8s 21h30 ainsi qu\u2019entre Paris Montparnasse et Rambouillet.<\/li>\n<li>Ligne R : jusqu\u2019au vendredi 29 ao\u00fbt, en semaine de 10h20 \u00e0 15h25, le trafic sera interrompu entre <a href=\"https:\/\/www.20minutes.fr\/dossier\/melun\" class=\"c-link c-link--is-underlined\" target=\"_blank\" rel=\"noopener\">Melun<\/a> et Montereau via H\u00e9ricy. Des bus de substitution seront mis en place. <\/li>\n<li>Ligne U : jusqu\u2019au vendredi 29 ao\u00fbt, en semaine d\u00e8s 21h30,  le trafic sera interrompu entre <a href=\"https:\/\/www.20minutes.fr\/dossier\/la_defense\" class=\"c-link c-link--is-underlined\" target=\"_blank\" rel=\"noopener\">La D\u00e9fense<\/a> et La Verri\u00e8re. Des bus de substitution seront mis en place. <\/li>\n<\/ul>\n<p>Tramway<\/p>\n<ul>\n<li>T1 : le trafic sera interrompu entre <a href=\"https:\/\/www.20minutes.fr\/dossier\/asnieres\" class=\"c-link c-link--is-underlined\" target=\"_blank\" rel=\"noopener\">Asni\u00e8res<\/a> \u2013 Quatre Routes et Gare de Saint-Denis (d\u00e9gradation par un tiers \u00e0 L\u2019\u00cele-Saint-Denis). Aucune reprise n&rsquo;est pr\u00e9vue jusqu\u2019\u00e0 nouvel ordre.<\/li>\n<li>T2\u2009: jusqu\u2019au 2 novembre 2025, le trafic sera interrompu entre Porte de Versailles et Suzanne Lenglen (travaux). Pour rejoindre la Porte de Versailles, depuis Suzanne Lenglen, marchez jusqu&rsquo;\u00e0 la station Balard du T3a.<\/li>\n<\/ul>\n","protected":false},"excerpt":{"rendered":"\u00c0 une semaine de la rentr\u00e9e, les lignes de transports connaissent quelques perturbations, notamment en raison de travaux,&hellip;\n","protected":false},"author":2,"featured_media":341633,"comment_status":"","ping_status":"","sticky":false,"template":"","format":"standard","meta":{"footnotes":""},"categories":[1592],"tags":[1111,11,1777,674,1011,27,662,12,626,1306,25,12396,7759],"class_list":{"0":"post-341632","1":"post","2":"type-post","3":"status-publish","4":"format-standard","5":"has-post-thumbnail","7":"category-ile-de-france","8":"tag-actu","9":"tag-actualites","10":"tag-eu","11":"tag-europe","12":"tag-fr","13":"tag-france","14":"tag-ile-de-france","15":"tag-news","16":"tag-paris","17":"tag-regions","18":"tag-republique-francaise","19":"tag-rer","20":"tag-rer-d"},"share_on_mastodon":{"url":"https:\/\/pubeurope.com\/@fr\/115086415824262004","error":""},"_links":{"self":[{"href":"https:\/\/www.europesays.com\/fr\/wp-json\/wp\/v2\/posts\/341632","targetHints":{"allow":["GET"]}}],"collection":[{"href":"https:\/\/www.europesays.com\/fr\/wp-json\/wp\/v2\/posts"}],"about":[{"href":"https:\/\/www.europesays.com\/fr\/wp-json\/wp\/v2\/types\/post"}],"author":[{"embeddable":true,"href":"https:\/\/www.europesays.com\/fr\/wp-json\/wp\/v2\/users\/2"}],"replies":[{"embeddable":true,"href":"https:\/\/www.europesays.com\/fr\/wp-json\/wp\/v2\/comments?post=341632"}],"version-history":[{"count":0,"href":"https:\/\/www.europesays.com\/fr\/wp-json\/wp\/v2\/posts\/341632\/revisions"}],"wp:featuredmedia":[{"embeddable":true,"href":"https:\/\/www.europesays.com\/fr\/wp-json\/wp\/v2\/media\/341633"}],"wp:attachment":[{"href":"https:\/\/www.europesays.com\/fr\/wp-json\/wp\/v2\/media?parent=341632"}],"wp:term":[{"taxonomy":"category","embeddable":true,"href":"https:\/\/www.europesays.com\/fr\/wp-json\/wp\/v2\/categories?post=341632"},{"taxonomy":"post_tag","embeddable":true,"href":"https:\/\/www.europesays.com\/fr\/wp-json\/wp\/v2\/tags?post=341632"}],"curies":[{"name":"wp","href":"https:\/\/api.w.org\/{rel}","templated":true}]}}