{"id":341634,"date":"2025-08-24T23:48:16","date_gmt":"2025-08-24T23:48:16","guid":{"rendered":"https:\/\/www.europesays.com\/fr\/341634\/"},"modified":"2025-08-24T23:48:16","modified_gmt":"2025-08-24T23:48:16","slug":"washington-accuse-a-son-tour-paris-de-ne-pas-faire-assez-contre-lantisemitisme-2","status":"publish","type":"post","link":"https:\/\/www.europesays.com\/fr\/341634\/","title":{"rendered":"Washington accuse \u00e0 son tour Paris de ne pas faire assez contre l&rsquo;antis\u00e9mitisme"},"content":{"rendered":"<p>\n\t\t<strong>L&rsquo;ambassadeur am\u00e9ricain en France Charles Kushner a d\u00e9nonc\u00e9 dimanche \u00ab\u00a0l&rsquo;absence d&rsquo;action suffisante\u00a0\u00bb du pr\u00e9sident Emmanuel Macron contre l&rsquo;antis\u00e9mitisme, rejoignant les critiques du Premier ministre isra\u00e9lien Benjamin Netanyahu, des accusations qualifi\u00e9es d'\u00a0\u00bbinacceptables\u00a0\u00bb par Paris.<\/strong>\n\t<\/p>\n<p>Dans une lettre adress\u00e9e au chef de l&rsquo;Etat obtenue dimanche par l&rsquo;AFP, l&rsquo;ambassadeur exprime \u00ab\u00a0sa profonde inqui\u00e9tude face \u00e0 la flamb\u00e9e de l&rsquo;antis\u00e9mitisme en France et \u00e0 l\u2019absence d\u2019action suffisante de (son) gouvernement pour le combattre\u00a0\u00bb.<br \/>Des accusations \u00ab\u00a0inacceptables\u00a0\u00bb, selon le porte-parole du minist\u00e8re fran\u00e7ais des Affaires \u00e9trang\u00e8res. \u00ab\u00a0Elles vont \u00e0 l&rsquo;encontre du droit international, en particulier du devoir de ne pas s&rsquo;immiscer dans les affaires int\u00e9rieures des Etats (&#8230;). Elles ne sont par ailleurs pas \u00e0 la hauteur de la qualit\u00e9 du lien transatlantique entre la France et les Etats-Unis et de la confiance qui doit en r\u00e9sulter entre alli\u00e9s\u00a0\u00bb, a-t-il affirm\u00e9 dans une d\u00e9claration.<br \/>\u00ab\u00a0La France r\u00e9fute fermement ces derni\u00e8res all\u00e9gations. La mont\u00e9e des actes antis\u00e9mites en France depuis le 7 octobre 2023 est une r\u00e9alit\u00e9 que nous d\u00e9plorons et sur laquelle les autorit\u00e9s fran\u00e7aises font preuve d&rsquo;une mobilisation totale, tant ces actes sont intol\u00e9rables\u00a0\u00bb, affirme encore le porte-parole du minist\u00e8re.<br \/>Les critiques du diplomate am\u00e9ricain interviennent quelques jours apr\u00e8s une violente charge de Benjamin Netanyahu contre le pr\u00e9sident fran\u00e7ais qu&rsquo;il accuse \u00ab\u00a0d&rsquo;alimenter le feu antis\u00e9mite\u00a0\u00bb en appelant \u00e0 la reconnaissance internationale de l\u2019\u00c9tat de Palestine\u00a0\u00bb.<br \/>Un analyse \u00ab\u00a0erron\u00e9e, abjecte et (qui) ne demeurera pas sans r\u00e9ponse\u00a0\u00bb, avait d\u00e9j\u00e0 r\u00e9pliqu\u00e9 la pr\u00e9sidence fran\u00e7aise.<br \/>Dans sa lettre, dat\u00e9e du lundi 25 ao\u00fbt, l&rsquo;ambassadeur am\u00e9ricain reprend l&rsquo;argumentaire de M. Netanyahu.<br \/>&#8211; \u00ab\u00a0Plus possible de tergiverser\u00a0\u00bb &#8211;<br \/>\u00ab\u00a0Des d\u00e9clarations qui vilipendent Isra\u00ebl et des gestes en reconnaissance d&rsquo;un \u00c9tat palestinien encouragent les extr\u00e9mistes, fomentent la violence et mettent en p\u00e9ril la jud\u00e9it\u00e9 en France\u00a0\u00bb, estime M. Kushner, p\u00e8re du gendre de Donald Trump, Jared Kushner.<br \/>\u00ab\u00a0Aujourd&rsquo;hui, ce n\u2019est plus possible de tergiverser : l&rsquo;antisionisme, c&rsquo;est l&rsquo;antis\u00e9mitisme, point\u00a0\u00bb, estime-t-il.<br \/>Selon l&rsquo;ambassadeur, qui a r\u00e9cemment pris ses fonctions \u00e0 Paris, \u00ab\u00a0il ne se passe pas un jour en France sans que des Juifs soient agress\u00e9s dans les rues, des synagogues et des \u00e9coles d\u00e9grad\u00e9es, et des entreprises appartenant \u00e0 des Juifs vandalis\u00e9es. Le minist\u00e8re de l&rsquo;Int\u00e9rieur de votre propre gouvernement constate que des \u00e9coles maternelles ont \u00e9t\u00e9 cibl\u00e9es par des d\u00e9gradations antis\u00e9mites\u00a0\u00bb.<br \/>Le repr\u00e9sentant des \u00c9tats-Unis en France s&rsquo;indigne \u00e9galement que \u00ab\u00a0presque la moiti\u00e9 de jeunes Fran\u00e7ais disent ne jamais avoir entendu parler de la Shoah\u00a0\u00bb.<br \/>\u00ab\u00a0La persistance d\u2019une telle ignorance nous pousse donc \u00e0 nous interroger sur le programme scolaire dans les \u00e9coles de l&rsquo;Hexagone\u00a0\u00bb, ajoute-t-il.<br \/>Vantant les actions du pr\u00e9sident Trump en la mati\u00e8re et la capacit\u00e9 \u00e0 \u00ab\u00a0combattre l&rsquo;antis\u00e9mitisme, tant que nos dirigeants ont la volont\u00e9 d&rsquo;agir\u00a0\u00bb, l&rsquo;ambassadeur am\u00e9ricain en France exhorte le pr\u00e9sident fran\u00e7ais \u00ab\u00a0\u00e0 agir avec r\u00e9solution\u00a0\u00bb.<br \/>Fin juillet, M. Macron a annonc\u00e9 que la France allait reconna\u00eetre l&rsquo;Etat de Palestine \u00e0 l&rsquo;Assembl\u00e9e g\u00e9n\u00e9rale de l&rsquo;ONU en septembre. Dans la foul\u00e9e plus d&rsquo;une dizaine de pays occidentaux parmi lesquels le Canada, ainsi que l&rsquo;Australie, ont appel\u00e9 d&rsquo;autre pays du monde \u00e0 faire de m\u00eame.<br \/>L&rsquo;Assembl\u00e9e g\u00e9n\u00e9rale de l&rsquo;ONU pr\u00e9vue en septembre prend fin pr\u00e9cis\u00e9ment le 23, jour de la nouvelle ann\u00e9e juive et date avant laquelle Benjamin Netanyahu appelle Emmanuel Macron \u00ab\u00a0\u00e0 remplacer la faiblesse par l&rsquo;action, l&rsquo;apaisement par la volont\u00e9\u00a0\u00bb dans la lutte contre l&rsquo;antis\u00e9mitisme.<br \/>Les actes antis\u00e9mites sont en nette progression en France depuis le 7 octobre 2023, date des attaques sans pr\u00e9c\u00e9dent du Hamas contre Isra\u00ebl et du d\u00e9clenchement de la guerre \u00e0 Gaza.<br \/>Le contexte est  particuli\u00e8rement d\u00e9licat puisque vit en France la plus grande communaut\u00e9 juive d&rsquo;Europe occidentale, avec environ 500.000 personnes, en m\u00eame temps qu&rsquo;une tr\u00e8s importante communaut\u00e9 arabo-musulmane, tr\u00e8s sensible au sort des Palestiniens de Gaza.<\/p>\n<p><b> &#8211; \u00a9 2025 AFP<\/b><\/p>\n<p class=\"article__tags\">Actualit\u00e9s du monde, AFP<\/p>\n","protected":false},"excerpt":{"rendered":"L&rsquo;ambassadeur am\u00e9ricain en France Charles Kushner a d\u00e9nonc\u00e9 dimanche \u00ab\u00a0l&rsquo;absence d&rsquo;action suffisante\u00a0\u00bb du pr\u00e9sident Emmanuel Macron contre l&rsquo;antis\u00e9mitisme,&hellip;\n","protected":false},"author":2,"featured_media":341635,"comment_status":"","ping_status":"","sticky":false,"template":"","format":"standard","meta":{"footnotes":""},"categories":[1888],"tags":[1111,1928,11,1927,1777,674,1011,27,12,1926,626,1925,25],"class_list":{"0":"post-341634","1":"post","2":"type-post","3":"status-publish","4":"format-standard","5":"has-post-thumbnail","7":"category-paris","8":"tag-actu","9":"tag-actu-paris","10":"tag-actualites","11":"tag-actualites-paris","12":"tag-eu","13":"tag-europe","14":"tag-fr","15":"tag-france","16":"tag-news","17":"tag-news-paris","18":"tag-paris","19":"tag-paris-news","20":"tag-republique-francaise"},"share_on_mastodon":{"url":"https:\/\/pubeurope.com\/@fr\/115086419996571085","error":""},"_links":{"self":[{"href":"https:\/\/www.europesays.com\/fr\/wp-json\/wp\/v2\/posts\/341634","targetHints":{"allow":["GET"]}}],"collection":[{"href":"https:\/\/www.europesays.com\/fr\/wp-json\/wp\/v2\/posts"}],"about":[{"href":"https:\/\/www.europesays.com\/fr\/wp-json\/wp\/v2\/types\/post"}],"author":[{"embeddable":true,"href":"https:\/\/www.europesays.com\/fr\/wp-json\/wp\/v2\/users\/2"}],"replies":[{"embeddable":true,"href":"https:\/\/www.europesays.com\/fr\/wp-json\/wp\/v2\/comments?post=341634"}],"version-history":[{"count":0,"href":"https:\/\/www.europesays.com\/fr\/wp-json\/wp\/v2\/posts\/341634\/revisions"}],"wp:featuredmedia":[{"embeddable":true,"href":"https:\/\/www.europesays.com\/fr\/wp-json\/wp\/v2\/media\/341635"}],"wp:attachment":[{"href":"https:\/\/www.europesays.com\/fr\/wp-json\/wp\/v2\/media?parent=341634"}],"wp:term":[{"taxonomy":"category","embeddable":true,"href":"https:\/\/www.europesays.com\/fr\/wp-json\/wp\/v2\/categories?post=341634"},{"taxonomy":"post_tag","embeddable":true,"href":"https:\/\/www.europesays.com\/fr\/wp-json\/wp\/v2\/tags?post=341634"}],"curies":[{"name":"wp","href":"https:\/\/api.w.org\/{rel}","templated":true}]}}