{"id":341636,"date":"2025-08-24T23:49:10","date_gmt":"2025-08-24T23:49:10","guid":{"rendered":"https:\/\/www.europesays.com\/fr\/341636\/"},"modified":"2025-08-24T23:49:10","modified_gmt":"2025-08-24T23:49:10","slug":"paris-convoque-lambassadeur-des-etats-unis-apres-ses-accusations-inacceptables-envers-macron-et-le-gouvernement","status":"publish","type":"post","link":"https:\/\/www.europesays.com\/fr\/341636\/","title":{"rendered":"Paris convoque l\u2019ambassadeur des Etats-Unis apr\u00e8s ses accusations \u00ab inacceptables \u00bb envers Macron et le gouvernement"},"content":{"rendered":"<p><strong>L\u2019\u00c9lys\u00e9e en col\u00e8re &#8211; Dans une lettre adress\u00e9e au pr\u00e9sident fran\u00e7ais, Charles Kushner lui reproche son \u00ab\u00a0absence d\u2019action suffisante\u00a0\u00bb dans la lutte contre l\u2019antis\u00e9mitisme<\/strong><\/p>\n<p>L\u2019Elys\u00e9e est en col\u00e8re. La France a convoqu\u00e9 lundi Charles Kushner, l\u2019ambassadeur \u00e9tats-unien \u00e0 Paris, apr\u00e8s ses commentaires \u00ab\u00a0inacceptables\u00a0\u00bb visant <a href=\"https:\/\/www.20minutes.fr\/politique\/emmanuel-macron\/?at_medium=RSS%20feed&amp;at_campaign=ynews&amp;utm_source=yahoo&amp;utm_medium=rss&amp;utm_campaign=news_feed&amp;utm_content=in_article_link\" rel=\"nofollow noopener\" target=\"_blank\" data-ylk=\"slk:Emmanuel Macron;elm:context_link;itc:0;sec:content-canvas\" class=\"link \">Emmanuel Macron<\/a>.<\/p>\n<p>Dans <a href=\"https:\/\/www.20minutes.fr\/politique\/4169272-20250824-ambassadeur-etats-unis-france-denonce-absence-action-suffisante-macron-contre-antisemitisme?at_medium=RSS%20feed&amp;at_campaign=ynews&amp;utm_source=yahoo&amp;utm_medium=rss&amp;utm_campaign=news_feed&amp;utm_content=in_article_link\" rel=\"nofollow noopener\" target=\"_blank\" data-ylk=\"slk:une lettre qu\u2019il lui a adress\u00e9e;elm:context_link;itc:0;sec:content-canvas\" class=\"link \">une lettre qu\u2019il lui a adress\u00e9e<\/a>, le diplomate lui reproche notamment l&rsquo;\u00ab\u00a0absence d\u2019action suffisante\u00a0\u00bb dans la lutte contre <a href=\"https:\/\/www.20minutes.fr\/dossier\/antisemitisme?at_medium=RSS%20feed&amp;at_campaign=ynews&amp;utm_source=yahoo&amp;utm_medium=rss&amp;utm_campaign=news_feed&amp;utm_content=in_article_link\" rel=\"nofollow noopener\" target=\"_blank\" data-ylk=\"slk:l\u2019antis\u00e9mitisme;elm:context_link;itc:0;sec:content-canvas\" class=\"link \">l\u2019antis\u00e9mitisme<\/a>.<\/p>\n<p>Des d\u00e9clarations qui \u00ab\u00a0vont \u00e0 l\u2019encontre du droit international\u00a0\u00bb<\/p>\n<p>\u00ab\u00a0Les all\u00e9gations de l\u2019ambassadeur sont inacceptables. Elles vont \u00e0 l\u2019encontre du droit international, en particulier du devoir de ne pas s\u2019immiscer dans les affaires int\u00e9rieures des Etats pr\u00e9vu par la Convention de Vienne de\u00a01961 qui r\u00e9git les relations diplomatiques\u00a0\u00bb, a soulign\u00e9 dimanche le <a href=\"https:\/\/www.20minutes.fr\/dossier\/ministere_des_affaires_etrangeres?at_medium=RSS%20feed&amp;at_campaign=ynews&amp;utm_source=yahoo&amp;utm_medium=rss&amp;utm_campaign=news_feed&amp;utm_content=in_article_link\" rel=\"nofollow noopener\" target=\"_blank\" data-ylk=\"slk:minist\u00e8re des Affaires \u00e9trang\u00e8res;elm:context_link;itc:0;sec:content-canvas\" class=\"link \">minist\u00e8re des Affaires \u00e9trang\u00e8res<\/a>.<\/p>\n<p>\u00ab La mont\u00e9e des actes antis\u00e9mites en France depuis le 7 octobre 2023 est une r\u00e9alit\u00e9 que nous d\u00e9plorons et sur laquelle les autorit\u00e9s fran\u00e7aises font preuve d&rsquo;une mobilisation totale, tant ces actes sont intol\u00e9rables \u00bb, affirme le porte-parole du minist\u00e8re.<\/p>\n<p>\u00ab\u00a0Aujourd\u2019hui, ce n\u2019est plus possible de tergiverser\u00a0: l\u2019antisionisme, c\u2019est l\u2019antis\u00e9mitisme, point\u00a0\u00bb, a \u00e9galement \u00e9crit Charles Kushner dans une lettre dat\u00e9e de lundi, que l\u2019AFP s\u2019est procur\u00e9e ce dimanche.<\/p>\n<p>Par ailleurs, Charles Kushner est le p\u00e8re de <a href=\"https:\/\/www.20minutes.fr\/monde\/jared-kushner\/?at_medium=RSS%20feed&amp;at_campaign=ynews&amp;utm_source=yahoo&amp;utm_medium=rss&amp;utm_campaign=news_feed&amp;utm_content=in_article_link\" rel=\"nofollow noopener\" target=\"_blank\" data-ylk=\"slk:Jared Kushner;elm:context_link;itc:0;sec:content-canvas\" class=\"link \">Jared Kushner<\/a>, gendre de Donald Trump.<\/p>\n<p><a href=\"https:\/\/www.20minutes.fr\/politique\/4169281-20250824-paris-convoque-ambassadeur-etats-unis-apres-accusations-inacceptables-envers-macron-gouvernement?at_medium=RSS%20feed&amp;at_campaign=ynews&amp;utm_source=yahoo&amp;utm_medium=rss&amp;utm_campaign=news_feed&amp;utm_content=read_more_link&quot;\" rel=\"nofollow noopener\" target=\"_blank\" data-ylk=\"slk:Lire la suite sur 20minutes;elm:context_link;itc:0;sec:content-canvas\" class=\"link \">Lire la suite sur 20minutes<\/a><\/p>\n<p>\u00c0 lire aussi :<br \/><a href=\"https:\/\/www.20minutes.fr\/politique\/4169272-20250824-ambassadeur-etats-unis-france-denonce-absence-action-suffisante-macron-contre-antisemitisme?at_medium=RSS%20feed&amp;at_campaign=ynews&amp;utm_source=yahoo&amp;utm_medium=rss&amp;utm_campaign=news_feed&amp;utm_content=related_content_link\" rel=\"nofollow noopener\" target=\"_blank\" data-ylk=\"slk:L\u2019ambassadeur des Etats-Unis en France d\u00e9nonce \u00ab\u00a0l\u2019absence d\u2019action suffisante\u00a0\u00bb de Macron contre l\u2019antis\u00e9mitisme;elm:context_link;itc:0;sec:content-canvas\" class=\"link \">L\u2019ambassadeur des Etats-Unis en France d\u00e9nonce \u00ab\u00a0l\u2019absence d\u2019action suffisante\u00a0\u00bb de Macron contre l\u2019antis\u00e9mitisme<\/a><br \/><a href=\"https:\/\/www.20minutes.fr\/monde\/israel\/4167323-20250809-guerre-gaza-ambassadeur-americain-israel-attaque-violemment-premier-ministre-britannique?at_medium=RSS%20feed&amp;at_campaign=ynews&amp;utm_source=yahoo&amp;utm_medium=rss&amp;utm_campaign=news_feed&amp;utm_content=related_content_link\" rel=\"nofollow noopener\" target=\"_blank\" data-ylk=\"slk:Guerre \u00e0 Gaza\u00a0: L\u2019ambassadeur am\u00e9ricain en Isra\u00ebl attaque violemment le Premier ministre britannique;elm:context_link;itc:0;sec:content-canvas\" class=\"link \">Guerre \u00e0 Gaza\u00a0: L\u2019ambassadeur am\u00e9ricain en Isra\u00ebl attaque violemment le Premier ministre britannique<\/a><\/p>\n","protected":false},"excerpt":{"rendered":"L\u2019\u00c9lys\u00e9e en col\u00e8re &#8211; Dans une lettre adress\u00e9e au pr\u00e9sident fran\u00e7ais, Charles Kushner lui reproche son \u00ab\u00a0absence d\u2019action&hellip;\n","protected":false},"author":2,"featured_media":341637,"comment_status":"","ping_status":"","sticky":false,"template":"","format":"standard","meta":{"footnotes":""},"categories":[1888],"tags":[47804,1111,1928,11,1927,47802,47805,1777,674,1011,27,47803,261,12,1926,626,1925,9962,25],"class_list":{"0":"post-341636","1":"post","2":"type-post","3":"status-publish","4":"format-standard","5":"has-post-thumbnail","7":"category-paris","8":"tag-actes-antisemites-en-france","9":"tag-actu","10":"tag-actu-paris","11":"tag-actualites","12":"tag-actualites-paris","13":"tag-charles-kushner","14":"tag-convention-de-vienne-de-1961","15":"tag-eu","16":"tag-europe","17":"tag-fr","18":"tag-france","19":"tag-lantisemitisme","20":"tag-ministere-des-affaires-etrangeres","21":"tag-news","22":"tag-news-paris","23":"tag-paris","24":"tag-paris-news","25":"tag-president-francais","26":"tag-republique-francaise"},"share_on_mastodon":{"url":"https:\/\/pubeurope.com\/@fr\/115086423735390228","error":""},"_links":{"self":[{"href":"https:\/\/www.europesays.com\/fr\/wp-json\/wp\/v2\/posts\/341636","targetHints":{"allow":["GET"]}}],"collection":[{"href":"https:\/\/www.europesays.com\/fr\/wp-json\/wp\/v2\/posts"}],"about":[{"href":"https:\/\/www.europesays.com\/fr\/wp-json\/wp\/v2\/types\/post"}],"author":[{"embeddable":true,"href":"https:\/\/www.europesays.com\/fr\/wp-json\/wp\/v2\/users\/2"}],"replies":[{"embeddable":true,"href":"https:\/\/www.europesays.com\/fr\/wp-json\/wp\/v2\/comments?post=341636"}],"version-history":[{"count":0,"href":"https:\/\/www.europesays.com\/fr\/wp-json\/wp\/v2\/posts\/341636\/revisions"}],"wp:featuredmedia":[{"embeddable":true,"href":"https:\/\/www.europesays.com\/fr\/wp-json\/wp\/v2\/media\/341637"}],"wp:attachment":[{"href":"https:\/\/www.europesays.com\/fr\/wp-json\/wp\/v2\/media?parent=341636"}],"wp:term":[{"taxonomy":"category","embeddable":true,"href":"https:\/\/www.europesays.com\/fr\/wp-json\/wp\/v2\/categories?post=341636"},{"taxonomy":"post_tag","embeddable":true,"href":"https:\/\/www.europesays.com\/fr\/wp-json\/wp\/v2\/tags?post=341636"}],"curies":[{"name":"wp","href":"https:\/\/api.w.org\/{rel}","templated":true}]}}