{"id":341638,"date":"2025-08-24T23:50:21","date_gmt":"2025-08-24T23:50:21","guid":{"rendered":"https:\/\/www.europesays.com\/fr\/341638\/"},"modified":"2025-08-24T23:50:21","modified_gmt":"2025-08-24T23:50:21","slug":"saint-ouen-plusieurs-milliers-deuros-derobes-apres-un-braquage-dans-une-boutique-de-pieces-automobiles","status":"publish","type":"post","link":"https:\/\/www.europesays.com\/fr\/341638\/","title":{"rendered":"Saint-Ouen\u00a0: plusieurs milliers d\u2019euros d\u00e9rob\u00e9s apr\u00e8s un braquage dans une boutique de pi\u00e8ces automobiles"},"content":{"rendered":"<p class=\"paragraph text_align_left lp-f-body-02\">Le pr\u00e9judice s\u2019\u00e9l\u00e8ve \u00e0 plusieurs milliers d\u2019euros. Trois hommes cagoul\u00e9s et arm\u00e9s ont d\u00e9valis\u00e9 une boutique de pi\u00e8ces automobiles du centre-ville de <a href=\"https:\/\/www.leparisien.fr\/seine-saint-denis-93\/saint-ouen-93400\/\" target=\"_self\" rel=\"nofollow noopener\">Saint-Ouen (Seine-Saint-Denis)<\/a>, ce samedi 23 ao\u00fbt, avant de prendre la fuite \u00e0 pied puis en voiture vers la capitale.<\/p>\n<p class=\"paragraph text_align_left lp-f-body-02\">C\u2019est vers 9 heures du matin que les trois braqueurs font irruption dans le magasin situ\u00e9 avenue Victor-Hugo, tout pr\u00e8s de l\u2019h\u00f4tel de ville et de l\u2019h\u00f4tel de la r\u00e9gion \u00cele-de-France. Ils sont respectivement munis d\u2019une bombe lacrymog\u00e8ne, d\u2019un pied de biche et d\u2019un pistolet de calibre 9 mm, pr\u00e9cise une source polici\u00e8re.<\/p>\n<p>Ligot\u00e9, l\u2019employ\u00e9 parvient \u00e0 se lib\u00e9rer et faire fuir ses agresseurs<\/p>\n<p class=\"paragraph text_align_left lp-f-body-02\">Les malfaiteurs menacent un employ\u00e9 du magasin, le forcent \u00e0 s\u2019allonger sur le sol avant de lui attacher les mains avec <a href=\"https:\/\/www.leparisien.fr\/hauts-de-seine-92\/boulogne-billancourt-un-home-jacking-dejoue-au-domicile-de-la-directrice-dune-marque-de-joaillerie-de-luxe-07-01-2024-ETOQ2YATRRGVTGLYWBPJ5FLXRI.php\" target=\"_self\" rel=\"nofollow noopener\">plusieurs bandes de Serflex<\/a>, et de lui prendre son t\u00e9l\u00e9phone. Ils se dirigent ensuite vers le coffre-fort du magasin, qui contient la recette de la semaine, estim\u00e9e entre 6 000 et 7 000 euros, pour en d\u00e9rober le contenu.<\/p>\n<p class=\"paragraph text_align_left lp-f-body-02\">Mais les Serflex \u00e9tant visiblement mal serr\u00e9s, l\u2019employ\u00e9 parvient alors \u00e0 se lib\u00e9rer de son \u00e9treinte et \u00e0 mettre en fuite les trois individus. Ils s\u2019\u00e9chappent d\u2019abord \u00e0 pied, avant que l\u2019exploitation des cam\u00e9ras de vid\u00e9osurveillance du centre de supervision urbaine (CSU) ne permette aux enqu\u00eateurs du commissariat de Saint-Ouen de constater que les braqueurs sont ensuite mont\u00e9s dans une Volkswagen Golf de couleur blanche, immatricul\u00e9e en Allemagne.<\/p>\n<p>Les suspects en fuite<\/p>\n<p class=\"paragraph text_align_left lp-f-body-02\">Les policiers perdent leur trace alors que les trois hommes se dirigent vers Paris et la porte de Saint-Ouen. Une alerte r\u00e9gionale a \u00e9t\u00e9 lanc\u00e9e par les enqu\u00eateurs pour tenter d\u2019appr\u00e9hender les fuyards. Alors qu\u2019ils \u00e9taient encore activement recherch\u00e9s ce samedi, le parquet de Bobigny, contact\u00e9 ce dimanche, n\u2019\u00e9tait pas en mesure de confirmer ou non leur interpellation.<\/p>\n","protected":false},"excerpt":{"rendered":"Le pr\u00e9judice s\u2019\u00e9l\u00e8ve \u00e0 plusieurs milliers d\u2019euros. Trois hommes cagoul\u00e9s et arm\u00e9s ont d\u00e9valis\u00e9 une boutique de pi\u00e8ces&hellip;\n","protected":false},"author":2,"featured_media":341639,"comment_status":"","ping_status":"","sticky":false,"template":"","format":"standard","meta":{"footnotes":""},"categories":[1888],"tags":[11,1777,674,118,1011,27,1944,12,626,25,1945],"class_list":{"0":"post-341638","1":"post","2":"type-post","3":"status-publish","4":"format-standard","5":"has-post-thumbnail","7":"category-paris","8":"tag-actualites","9":"tag-eu","10":"tag-europe","11":"tag-faits-divers","12":"tag-fr","13":"tag-france","14":"tag-ma-ville","15":"tag-news","16":"tag-paris","17":"tag-republique-francaise","18":"tag-seine-saint-denis"},"share_on_mastodon":{"url":"https:\/\/pubeurope.com\/@fr\/115086427639525485","error":""},"_links":{"self":[{"href":"https:\/\/www.europesays.com\/fr\/wp-json\/wp\/v2\/posts\/341638","targetHints":{"allow":["GET"]}}],"collection":[{"href":"https:\/\/www.europesays.com\/fr\/wp-json\/wp\/v2\/posts"}],"about":[{"href":"https:\/\/www.europesays.com\/fr\/wp-json\/wp\/v2\/types\/post"}],"author":[{"embeddable":true,"href":"https:\/\/www.europesays.com\/fr\/wp-json\/wp\/v2\/users\/2"}],"replies":[{"embeddable":true,"href":"https:\/\/www.europesays.com\/fr\/wp-json\/wp\/v2\/comments?post=341638"}],"version-history":[{"count":0,"href":"https:\/\/www.europesays.com\/fr\/wp-json\/wp\/v2\/posts\/341638\/revisions"}],"wp:featuredmedia":[{"embeddable":true,"href":"https:\/\/www.europesays.com\/fr\/wp-json\/wp\/v2\/media\/341639"}],"wp:attachment":[{"href":"https:\/\/www.europesays.com\/fr\/wp-json\/wp\/v2\/media?parent=341638"}],"wp:term":[{"taxonomy":"category","embeddable":true,"href":"https:\/\/www.europesays.com\/fr\/wp-json\/wp\/v2\/categories?post=341638"},{"taxonomy":"post_tag","embeddable":true,"href":"https:\/\/www.europesays.com\/fr\/wp-json\/wp\/v2\/tags?post=341638"}],"curies":[{"name":"wp","href":"https:\/\/api.w.org\/{rel}","templated":true}]}}