{"id":341644,"date":"2025-08-24T23:53:11","date_gmt":"2025-08-24T23:53:11","guid":{"rendered":"https:\/\/www.europesays.com\/fr\/341644\/"},"modified":"2025-08-24T23:53:11","modified_gmt":"2025-08-24T23:53:11","slug":"la-possible-reunion-entre-volodymyr-zelensky-et-vladimir-poutine-est-morte-assure-lancien-ambassadeur-claude-blanchemaison","status":"publish","type":"post","link":"https:\/\/www.europesays.com\/fr\/341644\/","title":{"rendered":"la possible r\u00e9union entre Volodymyr Zelensky et Vladimir Poutine \u00abest morte\u00bb, assure l\u2019ancien ambassadeur Claude Blanchemaison"},"content":{"rendered":"<p class=\"intro \">Plus d&rsquo;une semaine apr\u00e8s le sommet historique entre Donald Trump et Vladimir Poutine, la possible rencontre entre le pr\u00e9sident russe et son homologue ukrainien, Volodymyr Zelensky, semble impossible. Invit\u00e9 d&rsquo;Europe 1 Soir Week-end, l&rsquo;ancien ambassadeur fran\u00e7ais en Russie, Claude Blanchemaison estime que cette possibilit\u00e9 est m\u00eame \u00ab\u00a0morte\u00a0\u00bb.<\/p>\n<p>Une r\u00e9union au sommet, mais peu de r\u00e9sultats. Un peu plus d&rsquo;une semaine apr\u00e8s <a href=\"https:\/\/www.europe1.fr\/international\/ukraine-la-proposition-de-vladimir-poutine-soutenue-par-donald-trump-qui-pourrait-mener-vers-un-accord-de-paix-769284\" rel=\"nofollow noopener\" target=\"_blank\">la rencontre entre les chefs d&rsquo;\u00c9tat am\u00e9ricain et russe<\/a>, les combats n&rsquo;ont pas cess\u00e9 sur <a href=\"https:\/\/www.europe1.fr\/dossiers\/ukraine\" rel=\"nofollow noopener\" target=\"_blank\">le front ukrainien<\/a>. Et si Donald Trump poussait pour une r\u00e9union entre Volodymyr Zelensky et Vladimir Poutine, les chances qu&rsquo;elle se produise se sont amenuis\u00e9es.<\/p>\n<p>    La suite apr\u00e8s cette publicit\u00e9<\/p>\n<p>    La suite apr\u00e8s cette publicit\u00e9<\/p>\n<p>\u00ab\u00a0Il ne voulait pas de r\u00e9union avec Volodymyr Zelensky\u00a0\u00bb<\/p>\n<p>Invit\u00e9 d&rsquo;Europe 1 Soir Week-end, Claude Blanchemaison, l&rsquo;ancien ambassadeur de France en Russie estime que cette r\u00e9union est m\u00eame \u00ab\u00a0morte\u00a0\u00bb.<\/p>\n<p>\u00ab\u00a0Elle est morte parce que Vladimir Poutine lui a dit &lsquo;viens donc me voir au Kremlin&rsquo;, ce qui \u00e9quivaut \u00e0 convoquer <a href=\"https:\/\/www.europe1.fr\/international\/donald-trump-compare-la-relation-entre-vladimir-poutine-et-volodymyr-zelensky-au-melange-entre-lhuile-et-le-vinaigre-769847\" rel=\"nofollow noopener\" target=\"_blank\">Zelensky<\/a> \u00e0 venir \u00e0 genoux, monter les marches et faire acte d&rsquo;all\u00e9geance. En proposant \u00e7a, il a tu\u00e9 la r\u00e9union, dont il ne voulait pas d&rsquo;ailleurs, avec Zelensky.\u00a0Donc \u00e9videmment, c&rsquo;est exclu\u00a0\u00bb, a-t-il assur\u00e9 au micro de Guillaume Lariche.<\/p>\n<p>    La suite apr\u00e8s cette publicit\u00e9<\/p>\n<p>    La suite apr\u00e8s cette publicit\u00e9<\/p>\n<p>Partant de ce principe, Claude Blanchemaison soutient qu&rsquo;une rencontre trilat\u00e9rale sous l&rsquo;arbitrage de Donald Trump reste \u00ab\u00a0possible\u00a0\u00bb.<\/p>\n<p>\u00ab\u00a0Si Donald Trump insiste, j&rsquo;en doute toutefois. Parce que son r\u00e9sultat sera probablement n\u00e9gatif et conflictuel. Il y a des contacts qui existent par des moyens un peu informels et sur le plan territorial, on voit bien un compromis se dessiner. Mais personne ne veut discuter comment on fait le cessez-le-feu et sur quelle ligne\u00a0\u00bb, a-t-il poursuivi.<\/p>\n","protected":false},"excerpt":{"rendered":"Plus d&rsquo;une semaine apr\u00e8s le sommet historique entre Donald Trump et Vladimir Poutine, la possible rencontre entre le&hellip;\n","protected":false},"author":2,"featured_media":341645,"comment_status":"","ping_status":"","sticky":false,"template":"","format":"standard","meta":{"footnotes":""},"categories":[1590],"tags":[11,1777,674,12,220],"class_list":{"0":"post-341644","1":"post","2":"type-post","3":"status-publish","4":"format-standard","5":"has-post-thumbnail","7":"category-ukraine","8":"tag-actualites","9":"tag-eu","10":"tag-europe","11":"tag-news","12":"tag-ukraine"},"share_on_mastodon":{"url":"https:\/\/pubeurope.com\/@fr\/115086439405501971","error":""},"_links":{"self":[{"href":"https:\/\/www.europesays.com\/fr\/wp-json\/wp\/v2\/posts\/341644","targetHints":{"allow":["GET"]}}],"collection":[{"href":"https:\/\/www.europesays.com\/fr\/wp-json\/wp\/v2\/posts"}],"about":[{"href":"https:\/\/www.europesays.com\/fr\/wp-json\/wp\/v2\/types\/post"}],"author":[{"embeddable":true,"href":"https:\/\/www.europesays.com\/fr\/wp-json\/wp\/v2\/users\/2"}],"replies":[{"embeddable":true,"href":"https:\/\/www.europesays.com\/fr\/wp-json\/wp\/v2\/comments?post=341644"}],"version-history":[{"count":0,"href":"https:\/\/www.europesays.com\/fr\/wp-json\/wp\/v2\/posts\/341644\/revisions"}],"wp:featuredmedia":[{"embeddable":true,"href":"https:\/\/www.europesays.com\/fr\/wp-json\/wp\/v2\/media\/341645"}],"wp:attachment":[{"href":"https:\/\/www.europesays.com\/fr\/wp-json\/wp\/v2\/media?parent=341644"}],"wp:term":[{"taxonomy":"category","embeddable":true,"href":"https:\/\/www.europesays.com\/fr\/wp-json\/wp\/v2\/categories?post=341644"},{"taxonomy":"post_tag","embeddable":true,"href":"https:\/\/www.europesays.com\/fr\/wp-json\/wp\/v2\/tags?post=341644"}],"curies":[{"name":"wp","href":"https:\/\/api.w.org\/{rel}","templated":true}]}}