{"id":341646,"date":"2025-08-24T23:54:10","date_gmt":"2025-08-24T23:54:10","guid":{"rendered":"https:\/\/www.europesays.com\/fr\/341646\/"},"modified":"2025-08-24T23:54:10","modified_gmt":"2025-08-24T23:54:10","slug":"empetre-aux-etats-unis-orsted-doit-proceder-a-une-augmentation-de-captial","status":"publish","type":"post","link":"https:\/\/www.europesays.com\/fr\/341646\/","title":{"rendered":"Emp\u00eatr\u00e9 aux Etats-Unis, \u00d8rsted doit proc\u00e9der \u00e0 une augmentation de captial"},"content":{"rendered":"<p>\n      Le groupe danois a annonc\u00e9 une tr\u00e8s importante augmentation de son capital \u00e0 hauteur de 60 milliards de couronnes danoises (environ 8 milliards d\u2019euros).\n    <\/p>\n<p>Le poids lourd danois de l\u2019\u00e9olien en mer \u00d8rsted vit encore des moments difficiles. Il a d\u00fb annoncer le 11 ao\u00fbt une importante lev\u00e9e de fonds en \u00e9mettant des titres, avec le soutien de l\u2019Etat danois, actionnaire majoritaire. Il veut lever 60 milliards de couronnes, soit environ 8 milliards d\u2019euros, pour une capitalisation boursi\u00e8re de 92 milliards d\u2019euros.\u00a0<\/p>\n<p>A cette annonce, les actions du groupe ont chut\u00e9 de plus de 30%. Trois jours plus tard, S&amp;P a annonc\u00e9 d\u00e9grader sa note de BBB \u00e0 BBB-.<\/p>\n<p>\u00ab\u00a0Des \u00e9volutions r\u00e9glementaires d\u00e9favorables sans pr\u00e9c\u00e9dent aux \u00c9tats-Unis, ind\u00e9pendantes de notre volont\u00e9, ont accru le risque per\u00e7u du march\u00e9 \u00e9olien offshore am\u00e9ricain\u00a0\u00bb, a annonc\u00e9 \u00d8rsted, alors que le groupe affronte la hausse des co\u00fbts de construction et l\u2019opposition de Donald Trump, qui emp\u00eache la r\u00e9alisation de nouveaux projets depuis son arriv\u00e9e \u00e0 la Maison Blanche. Dans ces conditions, \u00ab\u00a0la cession d&rsquo;une participation dans Sunrise Wind et le financement sans recours associ\u00e9 au projet n&rsquo;ont pas \u00e9t\u00e9 possibles dans le contexte actuel du march\u00e9.\u00a0\u00bb \u00d8rsted doit donc renforcer sa solidit\u00e9 financi\u00e8re pour les ann\u00e9es 2025 \u00e0 2027, \u00ab\u00a0p\u00e9riode durant laquelle nous r\u00e9aliserons notre portefeuille de construction \u00e9olienne offshore de 8,1 GW\u00a0\u00bb, a soulign\u00e9 Rasmus Errboe, pr\u00e9sident d\u2019\u00d8rsted.<\/p>\n<p>Le projet Sunrise Wind (924 MW), au large de Montauk (New York), que souhaite c\u00e9der \u00d8rsted est en cours de construction. Les premiers monopieux ont \u00e9t\u00e9 install\u00e9 durant l\u2019\u00e9t\u00e9, malgr\u00e9 les difficult\u00e9s rencontr\u00e9es aupr\u00e8s de la nouvelle administration am\u00e9ricaine, qui a interrompu temporairement le projet Empire Wind d\u2019Equinor.<\/p>\n<p>D\u00e9j\u00e0, en mai, \u00d8rsted\u00a0avait renonc\u00e9 \u00e0 prendre sa d\u00e9cision finale d\u2019investissement pour projet de parc Hornsea 4 (2.4 GW), au Royaume-Uni, l\u2019obligeant \u00e0 se retirer du contrat de CfD pass\u00e9 avec le gouvernement britannique. En 2023, le groupe avait aussi subi un pr\u00e9judice de 4 milliards de dollars en se retirant de projets aux Etats-Unis.<\/p>\n<p>Dans ce contexte, une assembl\u00e9e g\u00e9n\u00e9rale extraordinaire du groupe a \u00e9t\u00e9 convoqu\u00e9e le 5 septembre.\u00a0<\/p>\n<p><strong>\u00a9 Un article de la r\u00e9daction de Mer et Marine.\u00a0Reproduction interdite sans consentement du ou des auteurs.<\/strong><\/p>\n","protected":false},"excerpt":{"rendered":"Le groupe danois a annonc\u00e9 une tr\u00e8s importante augmentation de son capital \u00e0 hauteur de 60 milliards de&hellip;\n","protected":false},"author":2,"featured_media":341647,"comment_status":"","ping_status":"","sticky":false,"template":"","format":"standard","meta":{"footnotes":""},"categories":[1589],"tags":[11,6130,6141,6131,6138,2380,6135,554,73,1866,6136,6139,6134,3135,6128,567,6129,6127,12,6132,4838,6133,6140,6137,1864,1865,1863,308],"class_list":{"0":"post-341646","1":"post","2":"type-post","3":"status-publish","4":"format-standard","5":"has-post-thumbnail","7":"category-etats-unis","8":"tag-actualites","9":"tag-chantiers","10":"tag-commando","11":"tag-construction-navale","12":"tag-costa","13":"tag-croisiere","14":"tag-dcns","15":"tag-defense","16":"tag-etats-unis","17":"tag-etats-unis-damerique","18":"tag-euronaval","19":"tag-fremm","20":"tag-interviews","21":"tag-littoral","22":"tag-marine","23":"tag-marine-nationale","24":"tag-maritime","25":"tag-mer","26":"tag-news","27":"tag-offshore","28":"tag-peche","29":"tag-reportages","30":"tag-sncm","31":"tag-stx","32":"tag-united-states","33":"tag-united-states-of-america","34":"tag-us","35":"tag-usa"},"share_on_mastodon":{"url":"https:\/\/pubeurope.com\/@fr\/115086443359144139","error":""},"_links":{"self":[{"href":"https:\/\/www.europesays.com\/fr\/wp-json\/wp\/v2\/posts\/341646","targetHints":{"allow":["GET"]}}],"collection":[{"href":"https:\/\/www.europesays.com\/fr\/wp-json\/wp\/v2\/posts"}],"about":[{"href":"https:\/\/www.europesays.com\/fr\/wp-json\/wp\/v2\/types\/post"}],"author":[{"embeddable":true,"href":"https:\/\/www.europesays.com\/fr\/wp-json\/wp\/v2\/users\/2"}],"replies":[{"embeddable":true,"href":"https:\/\/www.europesays.com\/fr\/wp-json\/wp\/v2\/comments?post=341646"}],"version-history":[{"count":0,"href":"https:\/\/www.europesays.com\/fr\/wp-json\/wp\/v2\/posts\/341646\/revisions"}],"wp:featuredmedia":[{"embeddable":true,"href":"https:\/\/www.europesays.com\/fr\/wp-json\/wp\/v2\/media\/341647"}],"wp:attachment":[{"href":"https:\/\/www.europesays.com\/fr\/wp-json\/wp\/v2\/media?parent=341646"}],"wp:term":[{"taxonomy":"category","embeddable":true,"href":"https:\/\/www.europesays.com\/fr\/wp-json\/wp\/v2\/categories?post=341646"},{"taxonomy":"post_tag","embeddable":true,"href":"https:\/\/www.europesays.com\/fr\/wp-json\/wp\/v2\/tags?post=341646"}],"curies":[{"name":"wp","href":"https:\/\/api.w.org\/{rel}","templated":true}]}}