{"id":341648,"date":"2025-08-24T23:55:23","date_gmt":"2025-08-24T23:55:23","guid":{"rendered":"https:\/\/www.europesays.com\/fr\/341648\/"},"modified":"2025-08-24T23:55:23","modified_gmt":"2025-08-24T23:55:23","slug":"manifestations-et-contre-manifestations-a-travers-le-royaume-uni","status":"publish","type":"post","link":"https:\/\/www.europesays.com\/fr\/341648\/","title":{"rendered":"manifestations et contre-manifestations \u00e0 travers le Royaume-Uni"},"content":{"rendered":"<p>Des manifestants sont descendus dans les rues \u00e0 travers tout le Royaume-Uni samedi, notamment dans la ville de Liverpool, pour protester contre l&rsquo;h\u00e9bergement de demandeurs d&rsquo;asile dans des h\u00f4tels.<\/p>\n<p>Plusieurs rassemblements sous le slogan \u00ab\u00a0Abolish Asylum System\u00a0\u00bb (\u00ab\u00a0Abolissons le syst\u00e8me d&rsquo;asile\u00a0\u00bb), lanc\u00e9 par les partis politiques de droite, se sont \u00e9galement tenus \u00e0 Bristol, Newcastle et Londres.<\/p>\n<p>\u00c0 Liverpool, une contre-manifestation organis\u00e9e par l&rsquo;ONG \u00ab\u00a0Stand Up To Racism\u00a0\u00bb a \u00e9galement eu lieu.<\/p>\n<p>Des policiers ont \u00e9t\u00e9 vus en train d&rsquo;\u00e9loigner des manifestants anti-migrants et de repousser la contre-manifestation.<\/p>\n<p>Ces \u00e9v\u00e9nements font suite \u00e0 une d\u00e9cision rendue cette semaine par la Haute Cour, qui a interdit \u00e0 un h\u00f4tel d&rsquo;Epping, dans l&rsquo;Essex, d&rsquo;h\u00e9berger des demandeurs d&rsquo;asile.<\/p>\n<p>Les responsables politiques de droite en ont tir\u00e9 parti pour encourager les municipalit\u00e9s hostiles \u00e0 l&rsquo;accueil de migrants \u00e0 saisir la justice.<\/p>\n<p>Obligation l\u00e9gale de loger les demandeurs d&rsquo;asile<\/p>\n<p>Au Royaume-Uni, le d\u00e9bat sur la mani\u00e8re de contr\u00f4ler l&rsquo;immigration clandestine, qui touche tous les pays occidentaux, s&rsquo;est concentr\u00e9 sur l&rsquo;arriv\u00e9e de migrants traversant la Manche sur des bateaux surcharg\u00e9s g\u00e9r\u00e9s par des passeurs et ainsi que sur l&rsquo;h\u00e9bergement de milliers de demandeurs d&rsquo;asile aux frais de l&rsquo;\u00c9tat dans tout le pays.<\/p>\n<p>Nigel Farage, chef de file du parti d&rsquo;extr\u00eame droite Reform UK, a d\u00e9voil\u00e9 samedi son projet de \u00ab\u00a0d\u00e9portations massives\u00a0\u00bb des migrants qui ont travers\u00e9 la Manche si son parti formait le prochain gouvernement britannique.<\/p>\n<p>Dans une interview publi\u00e9e dans l&rsquo;\u00e9dition de samedi du journal The Times, Farage a d\u00e9clar\u00e9 qu&rsquo;il retirerait la Grande-Bretagne de la Convention europ\u00e9enne des droits de l&rsquo;homme et signerait des accords avec l&rsquo;Afghanistan, l&rsquo;\u00c9rythr\u00e9e et d&rsquo;autres principaux pays d&rsquo;origine afin de rapatrier les migrants ill\u00e9gaux.<\/p>\n<p>L&rsquo;ex\u00e9cutif est l\u00e9galement tenu de loger les demandeurs d&rsquo;asile. L&rsquo;utilisation d&rsquo;h\u00f4tels pour ce faire \u00e9tait une question marginale jusqu&rsquo;en 2020, lorsque le nombre d&rsquo;exil\u00e9s a fortement augment\u00e9 et que le gouvernement conservateur de l&rsquo;\u00e9poque a d\u00fb trouver de nouvelles solutions.<\/p>\n<p>Depuis le d\u00e9but de l&rsquo;ann\u00e9e, on d\u00e9nombre plus de 27 000 arriv\u00e9es non autoris\u00e9es sur le sol britannique, soit pr\u00e8s de 50 % de plus qu&rsquo;\u00e0 la m\u00eame p\u00e9riode de l&rsquo;ann\u00e9e derni\u00e8re et plus que le nombre enregistr\u00e9 \u00e0 la m\u00eame p\u00e9riode en 2022, ann\u00e9e o\u00f9 45 755 personnes avaient d\u00e9barqu\u00e9, un record.<\/p>\n<p>Le nombre de demandeurs d&rsquo;asile h\u00e9berg\u00e9s dans des h\u00f4tels s&rsquo;\u00e9levait \u00e0 un peu plus de 32 000 \u00e0 la fin du mois de juin, selon les chiffres du minist\u00e8re de l&rsquo;Int\u00e9rieur publi\u00e9s jeudi. Ce chiffre est en hausse de 8 % par rapport \u00e0 l&rsquo;ann\u00e9e pr\u00e9c\u00e9dente (29 500), mais reste bien en de\u00e7\u00e0 du pic de plus de 56 000 atteint en septembre 2023.<\/p>\n<p>Au total, 111 084 personnes ont demand\u00e9 l&rsquo;asile entre juin 2024 et juin 2025, soit le nombre le plus \u00e9lev\u00e9 pour une p\u00e9riode de 12 mois depuis le d\u00e9but de l&rsquo;enregistrement des donn\u00e9es en 2001.<\/p>\n<p>En mai, le Bureau national d&rsquo;audit a d\u00e9clar\u00e9 que les personnes vivant temporairement dans des h\u00f4tels repr\u00e9sentaient 35 % de l&rsquo;ensemble des b\u00e9n\u00e9ficiaires d&rsquo;un h\u00e9bergement au titre de l&rsquo;asile.<\/p>\n","protected":false},"excerpt":{"rendered":"Des manifestants sont descendus dans les rues \u00e0 travers tout le Royaume-Uni samedi, notamment dans la ville de&hellip;\n","protected":false},"author":2,"featured_media":341649,"comment_status":"","ping_status":"","sticky":false,"template":"","format":"standard","meta":{"footnotes":""},"categories":[1588],"tags":[11,47807,19046,1777,674,1014,12,47806,473,1853,1851,1850,1852],"class_list":{"0":"post-341648","1":"post","2":"type-post","3":"status-publish","4":"format-standard","5":"has-post-thumbnail","7":"category-royaume-uni","8":"tag-actualites","9":"tag-convention-europeenne-des-droits-de-lhomme","10":"tag-demandeurs-dasile","11":"tag-eu","12":"tag-europe","13":"tag-ministere-de-linterieur","14":"tag-news","15":"tag-politiques-de-droite","16":"tag-royaume-uni","17":"tag-royaume-uni-de-grande-bretagne-et-dirlande-du-nord","18":"tag-uk","19":"tag-united-kingdom","20":"tag-united-kingdom-of-great-britain-and-northern-ireland"},"share_on_mastodon":{"url":"https:\/\/pubeurope.com\/@fr\/115086447429116413","error":""},"_links":{"self":[{"href":"https:\/\/www.europesays.com\/fr\/wp-json\/wp\/v2\/posts\/341648","targetHints":{"allow":["GET"]}}],"collection":[{"href":"https:\/\/www.europesays.com\/fr\/wp-json\/wp\/v2\/posts"}],"about":[{"href":"https:\/\/www.europesays.com\/fr\/wp-json\/wp\/v2\/types\/post"}],"author":[{"embeddable":true,"href":"https:\/\/www.europesays.com\/fr\/wp-json\/wp\/v2\/users\/2"}],"replies":[{"embeddable":true,"href":"https:\/\/www.europesays.com\/fr\/wp-json\/wp\/v2\/comments?post=341648"}],"version-history":[{"count":0,"href":"https:\/\/www.europesays.com\/fr\/wp-json\/wp\/v2\/posts\/341648\/revisions"}],"wp:featuredmedia":[{"embeddable":true,"href":"https:\/\/www.europesays.com\/fr\/wp-json\/wp\/v2\/media\/341649"}],"wp:attachment":[{"href":"https:\/\/www.europesays.com\/fr\/wp-json\/wp\/v2\/media?parent=341648"}],"wp:term":[{"taxonomy":"category","embeddable":true,"href":"https:\/\/www.europesays.com\/fr\/wp-json\/wp\/v2\/categories?post=341648"},{"taxonomy":"post_tag","embeddable":true,"href":"https:\/\/www.europesays.com\/fr\/wp-json\/wp\/v2\/tags?post=341648"}],"curies":[{"name":"wp","href":"https:\/\/api.w.org\/{rel}","templated":true}]}}