{"id":341650,"date":"2025-08-24T23:56:30","date_gmt":"2025-08-24T23:56:30","guid":{"rendered":"https:\/\/www.europesays.com\/fr\/341650\/"},"modified":"2025-08-24T23:56:30","modified_gmt":"2025-08-24T23:56:30","slug":"graphique-elections-en-allemagne-que-disent-les-sondages","status":"publish","type":"post","link":"https:\/\/www.europesays.com\/fr\/341650\/","title":{"rendered":"Graphique: \u00c9lections en Allemagne : que disent les sondages ?"},"content":{"rendered":"<p>Les \u00e9lections f\u00e9d\u00e9rales allemandes, initialement pr\u00e9vues pour septembre prochain, vont avoir lieu ce dimanche 23 f\u00e9vrier. La coalition sortante, constitu\u00e9e du SPD (sociaux-d\u00e9mocrates), des Verts (Gr\u00fcnen) et du FDP (lib\u00e9raux) men\u00e9e par le chancelier Olaf Scholz (SPD) a \u00e9clat\u00e9 \u00e0 l&rsquo;automne dernier \u00e0 cause de tensions sur les questions \u00e9conomiques, menant au limogeage du ministre des Finances Christian Lindner (FDP), puis \u00e0 la d\u00e9mission de deux autres ministres du parti. Le gouvernement a ensuite perdu un vote de confiance en d\u00e9cembre, entra\u00eenant la d\u00e9mission de l&rsquo;ex\u00e9cutif et l&rsquo;organisation d&rsquo;un scrutin anticip\u00e9.<\/p>\n<p>Dans la derni\u00e8re ligne droite avant les \u00e9lections, les sondeurs enregistrent une tendance \u00e0 la hausse pour Die Linke (gauche). Alors qu&rsquo;il y a peu de temps encore, le parti tournait autour de 3 %, il atteint d\u00e9sormais 6 ou 7 % dans presque tous les sondages actuels, et m\u00eame 9 % dans le dernier sondage hebdomadaire de YouGov.<\/p>\n<p>L&rsquo;alliance de droite conservatrice et chr\u00e9tienne CDU\/CSU reste en t\u00eate, suivie de l&rsquo;AfD (extr\u00eame-droite), du SPD (sociaux d\u00e9mocrates) et des Verts. Le FDP (lib\u00e9raux) et le BSW (gauche nationaliste) parviennent tout juste \u00e0 franchir la barre des 5 % dans un et deux sondages, respectivement, seuil n\u00e9cessaire \u00e0 l&rsquo;entr\u00e9e au parlement.<\/p>\n","protected":false},"excerpt":{"rendered":"Les \u00e9lections f\u00e9d\u00e9rales allemandes, initialement pr\u00e9vues pour septembre prochain, vont avoir lieu ce dimanche 23 f\u00e9vrier. La coalition&hellip;\n","protected":false},"author":2,"featured_media":341651,"comment_status":"","ping_status":"","sticky":false,"template":"","format":"standard","meta":{"footnotes":""},"categories":[1587],"tags":[11,672,1804,1805,1803,1777,674,1801,12,1802],"class_list":{"0":"post-341650","1":"post","2":"type-post","3":"status-publish","4":"format-standard","5":"has-post-thumbnail","7":"category-allemagne","8":"tag-actualites","9":"tag-allemagne","10":"tag-bundesrepublik-deutschland","11":"tag-de","12":"tag-deutschland","13":"tag-eu","14":"tag-europe","15":"tag-germany","16":"tag-news","17":"tag-republique-federale-dallemagne"},"share_on_mastodon":{"url":"https:\/\/pubeurope.com\/@fr\/115086451300798848","error":""},"_links":{"self":[{"href":"https:\/\/www.europesays.com\/fr\/wp-json\/wp\/v2\/posts\/341650","targetHints":{"allow":["GET"]}}],"collection":[{"href":"https:\/\/www.europesays.com\/fr\/wp-json\/wp\/v2\/posts"}],"about":[{"href":"https:\/\/www.europesays.com\/fr\/wp-json\/wp\/v2\/types\/post"}],"author":[{"embeddable":true,"href":"https:\/\/www.europesays.com\/fr\/wp-json\/wp\/v2\/users\/2"}],"replies":[{"embeddable":true,"href":"https:\/\/www.europesays.com\/fr\/wp-json\/wp\/v2\/comments?post=341650"}],"version-history":[{"count":0,"href":"https:\/\/www.europesays.com\/fr\/wp-json\/wp\/v2\/posts\/341650\/revisions"}],"wp:featuredmedia":[{"embeddable":true,"href":"https:\/\/www.europesays.com\/fr\/wp-json\/wp\/v2\/media\/341651"}],"wp:attachment":[{"href":"https:\/\/www.europesays.com\/fr\/wp-json\/wp\/v2\/media?parent=341650"}],"wp:term":[{"taxonomy":"category","embeddable":true,"href":"https:\/\/www.europesays.com\/fr\/wp-json\/wp\/v2\/categories?post=341650"},{"taxonomy":"post_tag","embeddable":true,"href":"https:\/\/www.europesays.com\/fr\/wp-json\/wp\/v2\/tags?post=341650"}],"curies":[{"name":"wp","href":"https:\/\/api.w.org\/{rel}","templated":true}]}}