{"id":341652,"date":"2025-08-24T23:57:16","date_gmt":"2025-08-24T23:57:16","guid":{"rendered":"https:\/\/www.europesays.com\/fr\/341652\/"},"modified":"2025-08-24T23:57:16","modified_gmt":"2025-08-24T23:57:16","slug":"accord-ue-etats-unis-leurope-sacrifie-son-green-deal-pour-repondre-aux-preoccupations-des-etats-unis-actu-environnement","status":"publish","type":"post","link":"https:\/\/www.europesays.com\/fr\/341652\/","title":{"rendered":"Accord UE\/\u00c9tats-Unis : l&#039;Europe sacrifie son Green Deal pour r\u00e9pondre aux pr\u00e9occupations des \u00c9tats-Unis &#8211; Actu-Environnement"},"content":{"rendered":"<ol>\n<li><a href=\"https:\/\/news.google.com\/rss\/articles\/CBMipwFBVV95cUxQYW1iMzRHMXh5ejB5UFZjem9YdnZmaUstRElMcG0xRHZZcnlocW1fYzVfNTR5ZE16SVZaX3ItWjg5LVlyTHZ0SlFiTTFTbHUyZHI3QUlDTHE0NFpYa1g5QU5zWTcxdWEwSklRWHU0bzNBSFl0cWYzVHRKSkg0WVJtQ1o5WmRWMVRuZ2J1eWQzal9GREhBeXBoa2NTZXpVWkxLT3pGMzctdw?oc=5\" target=\"_blank\" rel=\"noopener\">Accord UE\/\u00c9tats-Unis : l&rsquo;Europe sacrifie son Green Deal pour r\u00e9pondre aux pr\u00e9occupations des \u00c9tats-Unis<\/a>&nbsp;&nbsp;Actu-Environnement<\/li>\n<li><a href=\"https:\/\/news.google.com\/rss\/articles\/CBMi0AFBVV95cUxPeU5DM3U5c01MZm5nQ0lnRkhTWUIwTmlIa25JS2hUbThFSlJfQ184a2txT2FIdjQyQXVZdDlNVlhZelJ4SlZDRHAzSHktaks3N2dRSGFFX1p2ZnZQeHRiaktjNWYtR1VfcmVQTlBKNUtzaWxDdDZYYVVqVnRZalU4aVBNTGg4RUI2UTRtVjFuMVVnWVZEMXZIazJ1Wl9NNlVEczNIT1huWTdDQXhmeU1mUmgyZHlZUXhfNVRrRW52OERLekJlQkdZdWswLVgwUzNa?oc=5\" target=\"_blank\" rel=\"noopener\">En Champagne, les droits de douane am\u00e9ricains g\u00e2chent les vendanges<\/a>&nbsp;&nbsp;Le Monde.fr<\/li>\n<li><a href=\"https:\/\/news.google.com\/rss\/articles\/CBMi3wFBVV95cUxQak41QjJ0VDdYMVdIcm1ELXZvR0R6SHhTYzlpSUpxMHludFEyVXdMNHlESUx0UGNZLURPUFlGMGxNUlFxUldUWDAxQ0hjdlpoYm15cVNwSHFuRFNUa3gxWDNQc241bGxqT21UUktEaXVaZUVfM0lUdEdkeFp5NjZUNDNVdVZjY0dEOVFxQ3BDWUowckNTWVlmUVYtR3UycFVHQnFINWdHNlhmY1dhLU11dXlYTjJyaW9Vd2xsVmlTRjZsSXc2N3ZBYnBsbURiZDAyakptQWhOcUN5UkVQb0hJ?oc=5\" target=\"_blank\" rel=\"noopener\">Ursula von der Leyen : \u00abAvec les \u00c9tats-Unis, l\u2019Union europ\u00e9enne a conclu un accord solide, bien qu\u2019imparfait\u00bb<\/a>&nbsp;&nbsp;Le Figaro<\/li>\n<li><a href=\"https:\/\/news.google.com\/rss\/articles\/CBMi5gFBVV95cUxNMWFfQzlUSU9QcnJNWUJWUlhvVGwxV3VEalYzVlhkd0FscXlKZF9RMzFhV0dhMnYyd0U4OVNaZHNtRHg3TE51Z2RBX3JndmdkWERFcS0yeHk5S21la2xrWUc3SlVHeVFBeFZnYXpQZ1lCNm5fRDdPcDBFMjdtbjZFN2pIVkpFZ2Y1SEl3LVYzd1RyMkV0Rmw2THk1MDB6RUhYS2tDQ1JJLVYxLUljRHc0MjVPQm5uUk1GYVJUUC1mV2dpcGRRUW9xeVltQjFJRnV2QTFKbWRaYUg2alZNNEZCby1DUTZsZw?oc=5\" target=\"_blank\" rel=\"noopener\">Pour Deutsche Bank, il est temps de miser sur la pharmacie europ\u00e9enne en Bourse<\/a>&nbsp;&nbsp;BFM Bourse<\/li>\n<li><a href=\"https:\/\/news.google.com\/rss\/articles\/CBMi8AFBVV95cUxQUUdQLWk4RVZFc1BzT1F0bmRsYUFOYWtuU1czRnh4bzNPUWVYcG1zMXZmRWp4bl9KTVBTRW10c0lVaVJUM1ptNlNKX0Fxc1VxZDFnZURGak1EWFZGQlF5TG5SMzl6cU1DdmMwMTZ0dTVhaEVZc0N5RTk2bmtVYnFPOS0ySGVBd0FCdHBmTlgyM3Vqc2NoS0ZEejlUSmZEcWtkYUk5MzlpbzFmYlg1Q2RaNTVNNkZDRTVrcEZYeUo2aEJZZ0VJQm14Y0U0ZnM0ZUtkc2NGZGpraHpHUnNpOE5XUzZHajhZWmNtdjlCMndSOHM?oc=5\" target=\"_blank\" rel=\"noopener\">Droits de douane am\u00e9ricains sur les vins : \u00ab Il faut arr\u00eater l\u2019h\u00e9morragie \u00bb<\/a>&nbsp;&nbsp;Ouest-France<\/li>\n<\/ol>\n","protected":false},"excerpt":{"rendered":"Accord UE\/\u00c9tats-Unis : l&rsquo;Europe sacrifie son Green Deal pour r\u00e9pondre aux pr\u00e9occupations des \u00c9tats-Unis&nbsp;&nbsp;Actu-Environnement En Champagne, les droits&hellip;\n","protected":false},"author":2,"featured_media":341653,"comment_status":"","ping_status":"","sticky":false,"template":"","format":"standard","meta":{"footnotes":""},"categories":[1586],"tags":[21806,14427,21809,21810,1111,21805,47,11,4763,2965,2813,21811,21807,21804,21808,21818,4858,51,893,436,18315,1777,674,1011,27,21813,21815,6417,12,6334,21812,1800,4048,21816,21814,3887,25,4510,17429,895,21817],"class_list":{"0":"post-341652","1":"post","2":"type-post","3":"status-publish","4":"format-standard","5":"has-post-thumbnail","7":"category-europe","8":"tag-cologie","9":"tag-nergie","10":"tag-nergies-renouvelables","11":"tag-olien","12":"tag-actu","13":"tag-actualit","14":"tag-actualite","15":"tag-actualites","16":"tag-agenda","17":"tag-air","18":"tag-article","19":"tag-biomasse","20":"tag-dchet","21":"tag-dveloppement-durable","22":"tag-dechet","23":"tag-e-zine","24":"tag-eau","25":"tag-ecologie","26":"tag-energie","27":"tag-environnement","28":"tag-eolien","29":"tag-eu","30":"tag-europe","31":"tag-fr","32":"tag-france","33":"tag-hse","34":"tag-hygine","35":"tag-information","36":"tag-news","37":"tag-newsletter","38":"tag-photovoltaique","39":"tag-pollution","40":"tag-presse","41":"tag-propret","42":"tag-qse","43":"tag-recyclage","44":"tag-republique-francaise","45":"tag-risque","46":"tag-sol","47":"tag-solaire","48":"tag-webzine"},"share_on_mastodon":{"url":"","error":"Validation failed: Text character limit of 500 exceeded"},"_links":{"self":[{"href":"https:\/\/www.europesays.com\/fr\/wp-json\/wp\/v2\/posts\/341652","targetHints":{"allow":["GET"]}}],"collection":[{"href":"https:\/\/www.europesays.com\/fr\/wp-json\/wp\/v2\/posts"}],"about":[{"href":"https:\/\/www.europesays.com\/fr\/wp-json\/wp\/v2\/types\/post"}],"author":[{"embeddable":true,"href":"https:\/\/www.europesays.com\/fr\/wp-json\/wp\/v2\/users\/2"}],"replies":[{"embeddable":true,"href":"https:\/\/www.europesays.com\/fr\/wp-json\/wp\/v2\/comments?post=341652"}],"version-history":[{"count":0,"href":"https:\/\/www.europesays.com\/fr\/wp-json\/wp\/v2\/posts\/341652\/revisions"}],"wp:featuredmedia":[{"embeddable":true,"href":"https:\/\/www.europesays.com\/fr\/wp-json\/wp\/v2\/media\/341653"}],"wp:attachment":[{"href":"https:\/\/www.europesays.com\/fr\/wp-json\/wp\/v2\/media?parent=341652"}],"wp:term":[{"taxonomy":"category","embeddable":true,"href":"https:\/\/www.europesays.com\/fr\/wp-json\/wp\/v2\/categories?post=341652"},{"taxonomy":"post_tag","embeddable":true,"href":"https:\/\/www.europesays.com\/fr\/wp-json\/wp\/v2\/tags?post=341652"}],"curies":[{"name":"wp","href":"https:\/\/api.w.org\/{rel}","templated":true}]}}