{"id":341659,"date":"2025-08-25T00:01:13","date_gmt":"2025-08-25T00:01:13","guid":{"rendered":"https:\/\/www.europesays.com\/fr\/341659\/"},"modified":"2025-08-25T00:01:13","modified_gmt":"2025-08-25T00:01:13","slug":"dans-mon-chinatown-visite-guidee-de-lognes-premiere-ville-asiatique-de-france","status":"publish","type":"post","link":"https:\/\/www.europesays.com\/fr\/341659\/","title":{"rendered":"Dans mon Chinatown: visite guid\u00e9e de Lognes, premi\u00e8re ville asiatique de France"},"content":{"rendered":"<p class=\"t-content__chapo\">\n                                                \u00ab\u00a0Dans mon Chinatown\u00a0\u00bb, c&rsquo;est une s\u00e9rie d&rsquo;\u00e9t\u00e9 de RFI qui vous emm\u00e8ne dans les quartiers chinois des grandes villes du monde sur tous les continents. La r\u00e9gion parisienne compte plusieurs Chinatown, peupl\u00e9s non seulement de personnes d&rsquo;origine chinoise, mais aussi venues d&rsquo;Asie du Sud-Est, du Cambodge, du Laos et du Vietnam. Parmi elles, beaucoup de Chinois ayant d&rsquo;abord immigr\u00e9 dans ces pays-l\u00e0, avant de fuir les dictatures communistes. D\u00e9sormais, la ville la plus asiatique de France se situe en banlieue est-parisienne, \u00e0 Lognes, o\u00f9 pr\u00e8s de la moiti\u00e9 des 15\u00a0000 habitants est d&rsquo;origine asiatique.\u00a0                    <\/p>\n<p><img decoding=\"async\" fetchpriority=\"low\" src=\"https:\/\/www.europesays.com\/fr\/wp-content\/uploads\/2025\/08\/WhatsApp-Image-2025-08-21-at-16-28-36.jpeg\"   width=\"1024\" height=\"576\" alt=\"La famille Kong (p\u00e8re et fils), d'origine sino-cambodgienne, est install\u00e9e \u00e0 Lognes en Seine et Marne depuis le d\u00e9but des ann\u00e9es 1980.\" loading=\"eager\" class=\"a-img \"\/><\/p>\n<p>                La famille Kong (p\u00e8re et fils), d&rsquo;origine sino-cambodgienne, est install\u00e9e \u00e0 Lognes en Seine et Marne depuis le d\u00e9but des ann\u00e9es 1980.                \u00a9 Marie Casadebaig \/ RFI            <\/p>\n<p class=\"a-read-more\">\u00c0 lire aussi<a href=\"https:\/\/www.rfi.fr\/fr\/podcasts\/reportage-international\/20250820-dans-mon-chinatown-bangkok-une-ville-pleine-d-authenticit\u00e9-et-de-cr\u00e9ativit\u00e9\" target=\"_self\" class=\"a-read-more__link\" rel=\"noopener\">Dans mon Chinatown : Bangkok, une ville pleine d&rsquo;authenticit\u00e9 et de cr\u00e9ativit\u00e9<\/a><\/p>\n","protected":false},"excerpt":{"rendered":"\u00ab\u00a0Dans mon Chinatown\u00a0\u00bb, c&rsquo;est une s\u00e9rie d&rsquo;\u00e9t\u00e9 de RFI qui vous emm\u00e8ne dans les quartiers chinois des grandes&hellip;\n","protected":false},"author":2,"featured_media":341660,"comment_status":"","ping_status":"","sticky":false,"template":"","format":"standard","meta":{"footnotes":""},"categories":[4],"tags":[11,1011,27,1061,12,2436,25],"class_list":{"0":"post-341659","1":"post","2":"type-post","3":"status-publish","4":"format-standard","5":"has-post-thumbnail","7":"category-france","8":"tag-actualites","9":"tag-fr","10":"tag-france","11":"tag-immigration","12":"tag-news","13":"tag-reportage-international","14":"tag-republique-francaise"},"share_on_mastodon":{"url":"https:\/\/pubeurope.com\/@fr\/115086471536416609","error":""},"_links":{"self":[{"href":"https:\/\/www.europesays.com\/fr\/wp-json\/wp\/v2\/posts\/341659","targetHints":{"allow":["GET"]}}],"collection":[{"href":"https:\/\/www.europesays.com\/fr\/wp-json\/wp\/v2\/posts"}],"about":[{"href":"https:\/\/www.europesays.com\/fr\/wp-json\/wp\/v2\/types\/post"}],"author":[{"embeddable":true,"href":"https:\/\/www.europesays.com\/fr\/wp-json\/wp\/v2\/users\/2"}],"replies":[{"embeddable":true,"href":"https:\/\/www.europesays.com\/fr\/wp-json\/wp\/v2\/comments?post=341659"}],"version-history":[{"count":0,"href":"https:\/\/www.europesays.com\/fr\/wp-json\/wp\/v2\/posts\/341659\/revisions"}],"wp:featuredmedia":[{"embeddable":true,"href":"https:\/\/www.europesays.com\/fr\/wp-json\/wp\/v2\/media\/341660"}],"wp:attachment":[{"href":"https:\/\/www.europesays.com\/fr\/wp-json\/wp\/v2\/media?parent=341659"}],"wp:term":[{"taxonomy":"category","embeddable":true,"href":"https:\/\/www.europesays.com\/fr\/wp-json\/wp\/v2\/categories?post=341659"},{"taxonomy":"post_tag","embeddable":true,"href":"https:\/\/www.europesays.com\/fr\/wp-json\/wp\/v2\/tags?post=341659"}],"curies":[{"name":"wp","href":"https:\/\/api.w.org\/{rel}","templated":true}]}}