{"id":341665,"date":"2025-08-25T00:05:15","date_gmt":"2025-08-25T00:05:15","guid":{"rendered":"https:\/\/www.europesays.com\/fr\/341665\/"},"modified":"2025-08-25T00:05:15","modified_gmt":"2025-08-25T00:05:15","slug":"sabalenka-debute-son-tournoi-par-une-victoire-sur-masarova","status":"publish","type":"post","link":"https:\/\/www.europesays.com\/fr\/341665\/","title":{"rendered":"Sabalenka d\u00e9bute son tournoi par une victoire sur Masarova"},"content":{"rendered":"<p class=\"date\">\n                                                            Mathieu Warnier, Media365, publi\u00e9 le dimanche 24 ao\u00fbt 2025 \u00e0 22h30\n                                                    <\/p>\n<p>En deux manches, Aryna Sabalenka est sortie victorieuse de son duel face \u00e0 Rebeka Masarova au premier tour de l&rsquo;US Open.<\/p>\n<p>Aryna Sabalenka s&rsquo;est sortie du pi\u00e8ge. Alors qu&rsquo;elle avait \u00e9voqu\u00e9 l&rsquo;envie de ne pas subir la pression inh\u00e9rente au statut de tenante du titre de l&rsquo;US Open, la num\u00e9ro 1 mondiale n&rsquo;a pas connu une entr\u00e9e en lice tranquille face \u00e0 Rebeka Masarova. Sur le court du Arthur Ashe Stadium, la native de Minsk a d&rsquo;abord but\u00e9 sur la Canadienne. En effet, les deux joueuses ont manqu\u00e9 l&rsquo;opportunit\u00e9 de prendre le service de l&rsquo;autre en tout d\u00e9but de rencontre. C&rsquo;est la 109eme mondiale qui a \u00e9t\u00e9 la premi\u00e8re \u00e0 trouver la solution, prenant le service d&rsquo;Aryna Sabalenka pour mener trois jeux \u00e0 deux. Il n&rsquo;en fallait pas moins pour r\u00e9veiller la patronne du circuit f\u00e9minin, qui a tout de suite effac\u00e9 ce break de retard. Les \u00e9changes se sont alors \u00e9quilibr\u00e9s et tout indiquait que cette premi\u00e8re manche allait se conclure sur un jeu d\u00e9cisif. Toutefois, la t\u00eate de s\u00e9rie num\u00e9ro 1 a fait craquer Rebeka Masarova. Apr\u00e8s un smash pas assur\u00e9 par la Canadienne, la Bi\u00e9lorusse est venue conclure au filet dans un rugissement qui en disait long sur sa frustration.<\/p>\n<p>Sabalenka a fini par d\u00e9rouler<\/p>\n<p>L&rsquo;entame de la deuxi\u00e8me manche a vu la 109eme mondiale faire reculer son adversaire au point de mener 0-40 sur son service. Toutefois, Aryna Sabalenka a \u00e9cart\u00e9 ces trois balles de break pour tenir son engagement. Ce qui a chang\u00e9 la donne dans cette rencontre car Rebeka Masarova a sombr\u00e9 corps et biens. Convertissant ses deux premi\u00e8res balles de break, la num\u00e9ro 1 mondiale a remport\u00e9 cinq jeux de suite, sept en comptant la fin de la premi\u00e8re manche. A l&rsquo;orgueil, la Canadienne a sauv\u00e9 l&rsquo;honneur en remportant son service mais il semblait improbable de la voir remonter la pente. Aryna Sabalenka ne lui a pas laiss\u00e9 le luxe d&rsquo;esp\u00e9rer. Une seule balle de match a \u00e9t\u00e9 la bonne pour la native de Minsk (7-5, 6-1 en 1h22&prime;), qui va d\u00e9sormais retrouver Polina Kudermetova au deuxi\u00e8me tour. La Russe aura pass\u00e9 tr\u00e8s peu de temps sur le court ce dimanche pour son entr\u00e9e en lice. En effet, la 64eme mondiale a profit\u00e9 de l&rsquo;abandon de Nuria Parrizas-Diaz au bout de quatre jeux seulement (2-2 en 26 minutes).<\/p>\n","protected":false},"excerpt":{"rendered":"Mathieu Warnier, Media365, publi\u00e9 le dimanche 24 ao\u00fbt 2025 \u00e0 22h30 En deux manches, Aryna Sabalenka est sortie&hellip;\n","protected":false},"author":2,"featured_media":341666,"comment_status":"","ping_status":"","sticky":false,"template":"","format":"standard","meta":{"footnotes":""},"categories":[1415],"tags":[1011,27,60,1467],"class_list":{"0":"post-341665","1":"post","2":"type-post","3":"status-publish","4":"format-standard","5":"has-post-thumbnail","7":"category-tennis","8":"tag-fr","9":"tag-france","10":"tag-sports","11":"tag-tennis"},"share_on_mastodon":{"url":"https:\/\/pubeurope.com\/@fr\/115086486522743168","error":""},"_links":{"self":[{"href":"https:\/\/www.europesays.com\/fr\/wp-json\/wp\/v2\/posts\/341665","targetHints":{"allow":["GET"]}}],"collection":[{"href":"https:\/\/www.europesays.com\/fr\/wp-json\/wp\/v2\/posts"}],"about":[{"href":"https:\/\/www.europesays.com\/fr\/wp-json\/wp\/v2\/types\/post"}],"author":[{"embeddable":true,"href":"https:\/\/www.europesays.com\/fr\/wp-json\/wp\/v2\/users\/2"}],"replies":[{"embeddable":true,"href":"https:\/\/www.europesays.com\/fr\/wp-json\/wp\/v2\/comments?post=341665"}],"version-history":[{"count":0,"href":"https:\/\/www.europesays.com\/fr\/wp-json\/wp\/v2\/posts\/341665\/revisions"}],"wp:featuredmedia":[{"embeddable":true,"href":"https:\/\/www.europesays.com\/fr\/wp-json\/wp\/v2\/media\/341666"}],"wp:attachment":[{"href":"https:\/\/www.europesays.com\/fr\/wp-json\/wp\/v2\/media?parent=341665"}],"wp:term":[{"taxonomy":"category","embeddable":true,"href":"https:\/\/www.europesays.com\/fr\/wp-json\/wp\/v2\/categories?post=341665"},{"taxonomy":"post_tag","embeddable":true,"href":"https:\/\/www.europesays.com\/fr\/wp-json\/wp\/v2\/tags?post=341665"}],"curies":[{"name":"wp","href":"https:\/\/api.w.org\/{rel}","templated":true}]}}